{"id":12294,"date":"2026-03-06T12:07:16","date_gmt":"2026-03-06T11:07:16","guid":{"rendered":"https:\/\/agora.xtec.cat\/ceipvistaalegre\/?p=12294"},"modified":"2026-03-17T17:23:57","modified_gmt":"2026-03-17T16:23:57","slug":"dones-importants-de-5e","status":"publish","type":"post","link":"https:\/\/agora.xtec.cat\/ceipvistaalegre\/primaria\/5e\/dones-importants-de-5e\/","title":{"rendered":"DONES IMPORTANTS DE 5\u00e8"},"content":{"rendered":"<p>Amb motiu del <strong style=\"font-style: italic;\">Dia Internacional de les Dones<\/strong>, hem convertit l&#8217;aula en un espai de mem\u00f2ria i reconeixement.<\/p>\n<p>Els alumnes han portat i llegit les <strong>entrevistes<\/strong> que van fer a l&#8217;\u00e0rea de castell\u00e0 a les dones del seu entorn: des de <strong>bes\u00e0vies i \u00e0vies\u00a0<\/strong>que ens han parlat de temps passats, fins a <strong>mares, cosines<\/strong>,&#8230; que ens han explicat els seus reptes i somnis actuals.<\/p>\n<p><a href=\"https:\/\/agora.xtec.cat\/ceipvistaalegre\/wp-content\/uploads\/usu1936\/2026\/03\/WhatsApp-Image-2026-03-06-at-12.01.17.jpeg\"><img loading=\"lazy\" decoding=\"async\" class=\" wp-image-12296 aligncenter\" src=\"https:\/\/agora.xtec.cat\/ceipvistaalegre\/wp-content\/uploads\/usu1936\/2026\/03\/WhatsApp-Image-2026-03-06-at-12.01.17-1024x768.jpeg\" alt=\"\" width=\"458\" height=\"343\" srcset=\"https:\/\/agora.xtec.cat\/ceipvistaalegre\/wp-content\/uploads\/usu1936\/2026\/03\/WhatsApp-Image-2026-03-06-at-12.01.17-1024x768.jpeg 1024w, https:\/\/agora.xtec.cat\/ceipvistaalegre\/wp-content\/uploads\/usu1936\/2026\/03\/WhatsApp-Image-2026-03-06-at-12.01.17-300x225.jpeg 300w, https:\/\/agora.xtec.cat\/ceipvistaalegre\/wp-content\/uploads\/usu1936\/2026\/03\/WhatsApp-Image-2026-03-06-at-12.01.17-768x576.jpeg 768w, https:\/\/agora.xtec.cat\/ceipvistaalegre\/wp-content\/uploads\/usu1936\/2026\/03\/WhatsApp-Image-2026-03-06-at-12.01.17-1536x1152.jpeg 1536w, https:\/\/agora.xtec.cat\/ceipvistaalegre\/wp-content\/uploads\/usu1936\/2026\/03\/WhatsApp-Image-2026-03-06-at-12.01.17-200x150.jpeg 200w, https:\/\/agora.xtec.cat\/ceipvistaalegre\/wp-content\/uploads\/usu1936\/2026\/03\/WhatsApp-Image-2026-03-06-at-12.01.17.jpeg 2040w\" sizes=\"auto, (max-width: 458px) 100vw, 458px\" \/><\/a><a href=\"https:\/\/agora.xtec.cat\/ceipvistaalegre\/wp-content\/uploads\/usu1936\/2026\/03\/WhatsApp-Image-2026-03-06-at-12.01.17-1.jpeg\"><img loading=\"lazy\" decoding=\"async\" class=\"wp-image-12295 aligncenter\" src=\"https:\/\/agora.xtec.cat\/ceipvistaalegre\/wp-content\/uploads\/usu1936\/2026\/03\/WhatsApp-Image-2026-03-06-at-12.01.17-1-768x1024.jpeg\" alt=\"\" width=\"465\" height=\"620\" srcset=\"https:\/\/agora.xtec.cat\/ceipvistaalegre\/wp-content\/uploads\/usu1936\/2026\/03\/WhatsApp-Image-2026-03-06-at-12.01.17-1-768x1024.jpeg 768w, https:\/\/agora.xtec.cat\/ceipvistaalegre\/wp-content\/uploads\/usu1936\/2026\/03\/WhatsApp-Image-2026-03-06-at-12.01.17-1-225x300.jpeg 225w, https:\/\/agora.xtec.cat\/ceipvistaalegre\/wp-content\/uploads\/usu1936\/2026\/03\/WhatsApp-Image-2026-03-06-at-12.01.17-1-1152x1536.jpeg 1152w, https:\/\/agora.xtec.cat\/ceipvistaalegre\/wp-content\/uploads\/usu1936\/2026\/03\/WhatsApp-Image-2026-03-06-at-12.01.17-1.jpeg 1530w\" sizes=\"auto, (max-width: 465px) 100vw, 465px\" \/><\/a>Escoltant les seves experi\u00e8ncies, no nom\u00e9s aprenem hist\u00f2ria, sin\u00f3 que tamb\u00e9 donem valor a la <strong>genealogia femenina<\/strong> i recordem la necessitat de continuar treballant per la igualtat.<\/p>\n<p>Gr\u00e0cies a totes les fam\u00edlies per obrir-nos les portes dels vostres records i per ser les nostres millors referents<\/p>\n<p>&nbsp;<\/p>\n","protected":false},"excerpt":{"rendered":"<p>Amb motiu del Dia Internacional de les Dones, hem convertit l&#8217;aula en un espai de mem\u00f2ria i reconeixement.<br \/>\nEls alumnes han portat i llegit les entrevistes que van fer a l&#8217;\u00e0rea de castell\u00e0 a les dones del seu entorn: des de bes\u00e0vies i \u00e0vies\u00a0que ens han&hellip;  <a href=\"https:\/\/agora.xtec.cat\/ceipvistaalegre\/primaria\/5e\/dones-importants-de-5e\/\" title=\"Read DONES IMPORTANTS DE 5\u00e8\">Llegeix m\u00e9s\u00bb<\/a><\/p>\n","protected":false},"author":31,"featured_media":0,"comment_status":"open","ping_status":"open","sticky":false,"template":"","format":"standard","meta":{"_bbp_topic_count":0,"_bbp_reply_count":0,"_bbp_total_topic_count":0,"_bbp_total_reply_count":0,"_bbp_voice_count":0,"_bbp_anonymous_reply_count":0,"_bbp_topic_count_hidden":0,"_bbp_reply_count_hidden":0,"_bbp_forum_subforum_count":0,"footnotes":""},"categories":[14],"tags":[],"class_list":["post-12294","post","type-post","status-publish","format-standard","hentry","category-5e"],"post_mailing_queue_ids":[],"_links":{"self":[{"href":"https:\/\/agora.xtec.cat\/ceipvistaalegre\/wp-json\/wp\/v2\/posts\/12294","targetHints":{"allow":["GET"]}}],"collection":[{"href":"https:\/\/agora.xtec.cat\/ceipvistaalegre\/wp-json\/wp\/v2\/posts"}],"about":[{"href":"https:\/\/agora.xtec.cat\/ceipvistaalegre\/wp-json\/wp\/v2\/types\/post"}],"author":[{"embeddable":true,"href":"https:\/\/agora.xtec.cat\/ceipvistaalegre\/wp-json\/wp\/v2\/users\/31"}],"replies":[{"embeddable":true,"href":"https:\/\/agora.xtec.cat\/ceipvistaalegre\/wp-json\/wp\/v2\/comments?post=12294"}],"version-history":[{"count":1,"href":"https:\/\/agora.xtec.cat\/ceipvistaalegre\/wp-json\/wp\/v2\/posts\/12294\/revisions"}],"predecessor-version":[{"id":12297,"href":"https:\/\/agora.xtec.cat\/ceipvistaalegre\/wp-json\/wp\/v2\/posts\/12294\/revisions\/12297"}],"wp:attachment":[{"href":"https:\/\/agora.xtec.cat\/ceipvistaalegre\/wp-json\/wp\/v2\/media?parent=12294"}],"wp:term":[{"taxonomy":"category","embeddable":true,"href":"https:\/\/agora.xtec.cat\/ceipvistaalegre\/wp-json\/wp\/v2\/categories?post=12294"},{"taxonomy":"post_tag","embeddable":true,"href":"https:\/\/agora.xtec.cat\/ceipvistaalegre\/wp-json\/wp\/v2\/tags?post=12294"}],"curies":[{"name":"wp","href":"https:\/\/api.w.org\/{rel}","templated":true}]}}