{"id":12274,"date":"2026-02-26T18:49:59","date_gmt":"2026-02-26T17:49:59","guid":{"rendered":"https:\/\/agora.xtec.cat\/ceipvistaalegre\/?p=12274"},"modified":"2026-02-26T18:49:59","modified_gmt":"2026-02-26T17:49:59","slug":"artista-andy-warhol","status":"publish","type":"post","link":"https:\/\/agora.xtec.cat\/ceipvistaalegre\/primaria\/6e\/artista-andy-warhol\/","title":{"rendered":"Artista Andy Warhol"},"content":{"rendered":"<p>Al llarg de les darreres setmanes, els alumnes de cinqu\u00e8 i sis\u00e8 han treballat l&#8217;artista Andy Warhol. Organitzats en grups barrejats, els alumnes han compartit idees, t\u00e8cniques i creativitat per elaborar les seves pr\u00f2pies produccions art\u00edstiques inspirades en l&#8217;obra de Warhol.<\/p>\n<p>A partir del coneixement d&#8217;aquest artista, un dels m\u00e0xims representants del Pop Art, els infants han descobert un estil molt caracter\u00edstic basat en la repetici\u00f3 d&#8217;imatges, els colors vius i els contrastos intensos.<\/p>\n<p><img loading=\"lazy\" decoding=\"async\" class=\"alignnone  wp-image-12275\" src=\"https:\/\/agora.xtec.cat\/ceipvistaalegre\/wp-content\/uploads\/usu1936\/2026\/02\/WhatsApp-Image-2026-02-26-at-18.24.02-768x1024.jpeg\" alt=\"\" width=\"332\" height=\"443\" srcset=\"https:\/\/agora.xtec.cat\/ceipvistaalegre\/wp-content\/uploads\/usu1936\/2026\/02\/WhatsApp-Image-2026-02-26-at-18.24.02-768x1024.jpeg 768w, https:\/\/agora.xtec.cat\/ceipvistaalegre\/wp-content\/uploads\/usu1936\/2026\/02\/WhatsApp-Image-2026-02-26-at-18.24.02-225x300.jpeg 225w, https:\/\/agora.xtec.cat\/ceipvistaalegre\/wp-content\/uploads\/usu1936\/2026\/02\/WhatsApp-Image-2026-02-26-at-18.24.02-1152x1536.jpeg 1152w, https:\/\/agora.xtec.cat\/ceipvistaalegre\/wp-content\/uploads\/usu1936\/2026\/02\/WhatsApp-Image-2026-02-26-at-18.24.02.jpeg 1200w\" sizes=\"auto, (max-width: 332px) 100vw, 332px\" \/><\/p>\n","protected":false},"excerpt":{"rendered":"<p>Al llarg de les darreres setmanes, els alumnes de cinqu\u00e8 i sis\u00e8 han treballat l&#8217;artista Andy Warhol. Organitzats en grups barrejats, els alumnes han compartit idees, t\u00e8cniques i creativitat per elaborar les seves pr\u00f2pies produccions art\u00edstiques inspirades en l&#8217;obra de Warhol.<br \/>\nA partir del coneixement d&#8217;aquest&hellip;  <a href=\"https:\/\/agora.xtec.cat\/ceipvistaalegre\/primaria\/6e\/artista-andy-warhol\/\" title=\"Read Artista Andy Warhol\">Llegeix m\u00e9s\u00bb<\/a><\/p>\n","protected":false},"author":18,"featured_media":0,"comment_status":"open","ping_status":"open","sticky":false,"template":"","format":"standard","meta":{"_bbp_topic_count":0,"_bbp_reply_count":0,"_bbp_total_topic_count":0,"_bbp_total_reply_count":0,"_bbp_voice_count":0,"_bbp_anonymous_reply_count":0,"_bbp_topic_count_hidden":0,"_bbp_reply_count_hidden":0,"_bbp_forum_subforum_count":0,"footnotes":""},"categories":[15],"tags":[],"class_list":["post-12274","post","type-post","status-publish","format-standard","hentry","category-6e"],"post_mailing_queue_ids":[],"_links":{"self":[{"href":"https:\/\/agora.xtec.cat\/ceipvistaalegre\/wp-json\/wp\/v2\/posts\/12274","targetHints":{"allow":["GET"]}}],"collection":[{"href":"https:\/\/agora.xtec.cat\/ceipvistaalegre\/wp-json\/wp\/v2\/posts"}],"about":[{"href":"https:\/\/agora.xtec.cat\/ceipvistaalegre\/wp-json\/wp\/v2\/types\/post"}],"author":[{"embeddable":true,"href":"https:\/\/agora.xtec.cat\/ceipvistaalegre\/wp-json\/wp\/v2\/users\/18"}],"replies":[{"embeddable":true,"href":"https:\/\/agora.xtec.cat\/ceipvistaalegre\/wp-json\/wp\/v2\/comments?post=12274"}],"version-history":[{"count":1,"href":"https:\/\/agora.xtec.cat\/ceipvistaalegre\/wp-json\/wp\/v2\/posts\/12274\/revisions"}],"predecessor-version":[{"id":12276,"href":"https:\/\/agora.xtec.cat\/ceipvistaalegre\/wp-json\/wp\/v2\/posts\/12274\/revisions\/12276"}],"wp:attachment":[{"href":"https:\/\/agora.xtec.cat\/ceipvistaalegre\/wp-json\/wp\/v2\/media?parent=12274"}],"wp:term":[{"taxonomy":"category","embeddable":true,"href":"https:\/\/agora.xtec.cat\/ceipvistaalegre\/wp-json\/wp\/v2\/categories?post=12274"},{"taxonomy":"post_tag","embeddable":true,"href":"https:\/\/agora.xtec.cat\/ceipvistaalegre\/wp-json\/wp\/v2\/tags?post=12274"}],"curies":[{"name":"wp","href":"https:\/\/api.w.org\/{rel}","templated":true}]}}