{"id":12264,"date":"2026-02-24T20:02:59","date_gmt":"2026-02-24T19:02:59","guid":{"rendered":"https:\/\/agora.xtec.cat\/ceipvistaalegre\/?p=12264"},"modified":"2026-02-24T20:05:22","modified_gmt":"2026-02-24T19:05:22","slug":"art-i-natura","status":"publish","type":"post","link":"https:\/\/agora.xtec.cat\/ceipvistaalegre\/primaria\/4t\/art-i-natura\/","title":{"rendered":"Art i natura."},"content":{"rendered":"<p><a href=\"https:\/\/agora.xtec.cat\/ceipvistaalegre\/primaria\/4t\/art-i-natura\/attachment\/photo-output-3-1-5\/\" rel=\"attachment wp-att-12265\"><img loading=\"lazy\" decoding=\"async\" class=\"aligncenter size-full wp-image-12265\" src=\"https:\/\/agora.xtec.cat\/ceipvistaalegre\/wp-content\/uploads\/usu1936\/2026\/02\/photo-output-3-1-scaled.jpeg\" alt=\"\" width=\"2560\" height=\"2560\" srcset=\"https:\/\/agora.xtec.cat\/ceipvistaalegre\/wp-content\/uploads\/usu1936\/2026\/02\/photo-output-3-1-scaled.jpeg 2560w, https:\/\/agora.xtec.cat\/ceipvistaalegre\/wp-content\/uploads\/usu1936\/2026\/02\/photo-output-3-1-300x300.jpeg 300w, https:\/\/agora.xtec.cat\/ceipvistaalegre\/wp-content\/uploads\/usu1936\/2026\/02\/photo-output-3-1-1024x1024.jpeg 1024w, https:\/\/agora.xtec.cat\/ceipvistaalegre\/wp-content\/uploads\/usu1936\/2026\/02\/photo-output-3-1-150x150.jpeg 150w, https:\/\/agora.xtec.cat\/ceipvistaalegre\/wp-content\/uploads\/usu1936\/2026\/02\/photo-output-3-1-768x768.jpeg 768w, https:\/\/agora.xtec.cat\/ceipvistaalegre\/wp-content\/uploads\/usu1936\/2026\/02\/photo-output-3-1-1536x1536.jpeg 1536w, https:\/\/agora.xtec.cat\/ceipvistaalegre\/wp-content\/uploads\/usu1936\/2026\/02\/photo-output-3-1-2048x2048.jpeg 2048w\" sizes=\"auto, (max-width: 2560px) 100vw, 2560px\" \/><\/a><\/p>\n<p>Aquesta tarda, les nenes i els nens d&#8217;I5 i 4T hem compartit una activitat de descoberta de l&#8217;entorn proper, concretament hem observat i dibuixat un ametller.<\/p>\n<p>Es tracta d&#8217;una proposta molt significativa per als dos nivells:\u00a0 ja que els petits, dins l&#8217;\u00e0rea de llenguatge oral i consci\u00e8ncia fonol\u00f2gica,\u00a0 estem treballant la dita de febrer que parla de les flors de l&#8217;ametller. Pels infants de 4t, a l&#8217;\u00e0rea d&#8217;educaci\u00f3 art\u00edstica,\u00a0 estem coneixent l&#8217;autor Vincent van Gogh que tamb\u00e9 pintava ametllers.<\/p>\n<p>Aquesta iniciativa ens ha perm\u00e8s treballar les dimensions sensorial, intel\u00b7lectual, social, emocional, afectiva, est\u00e8tica i creativa connectant grans i petits amb l&#8217;art i la natura.<\/p>\n","protected":false},"excerpt":{"rendered":"<p><a href=\"https:\/\/agora.xtec.cat\/ceipvistaalegre\/primaria\/4t\/art-i-natura\/attachment\/photo-output-3-1-5\/\" rel=\"attachment wp-att-12265\"><\/a><br \/>\nAquesta tarda, les nenes i els nens d&#8217;I5 i 4T hem compartit una activitat de descoberta de l&#8217;entorn proper, concretament hem observat i dibuixat un ametller.<br \/>\nEs tracta d&#8217;una proposta molt significativa per als dos nivells:\u00a0 ja que els petits, dins l&#8217;\u00e0rea de&hellip;  <a href=\"https:\/\/agora.xtec.cat\/ceipvistaalegre\/primaria\/4t\/art-i-natura\/\" title=\"Read Art i natura.\">Llegeix m\u00e9s\u00bb<\/a><\/p>\n","protected":false},"author":4,"featured_media":0,"comment_status":"open","ping_status":"open","sticky":false,"template":"","format":"standard","meta":{"_bbp_topic_count":0,"_bbp_reply_count":0,"_bbp_total_topic_count":0,"_bbp_total_reply_count":0,"_bbp_voice_count":0,"_bbp_anonymous_reply_count":0,"_bbp_topic_count_hidden":0,"_bbp_reply_count_hidden":0,"_bbp_forum_subforum_count":0,"footnotes":""},"categories":[13,225],"tags":[318,398,305,329],"class_list":["post-12264","post","type-post","status-publish","format-standard","hentry","category-4t","category-infantil-5-anys","tag-descoberta-de-lentorn","tag-educacio-artistica","tag-internivell","tag-llenguatge-plastic"],"post_mailing_queue_ids":[],"_links":{"self":[{"href":"https:\/\/agora.xtec.cat\/ceipvistaalegre\/wp-json\/wp\/v2\/posts\/12264","targetHints":{"allow":["GET"]}}],"collection":[{"href":"https:\/\/agora.xtec.cat\/ceipvistaalegre\/wp-json\/wp\/v2\/posts"}],"about":[{"href":"https:\/\/agora.xtec.cat\/ceipvistaalegre\/wp-json\/wp\/v2\/types\/post"}],"author":[{"embeddable":true,"href":"https:\/\/agora.xtec.cat\/ceipvistaalegre\/wp-json\/wp\/v2\/users\/4"}],"replies":[{"embeddable":true,"href":"https:\/\/agora.xtec.cat\/ceipvistaalegre\/wp-json\/wp\/v2\/comments?post=12264"}],"version-history":[{"count":5,"href":"https:\/\/agora.xtec.cat\/ceipvistaalegre\/wp-json\/wp\/v2\/posts\/12264\/revisions"}],"predecessor-version":[{"id":12270,"href":"https:\/\/agora.xtec.cat\/ceipvistaalegre\/wp-json\/wp\/v2\/posts\/12264\/revisions\/12270"}],"wp:attachment":[{"href":"https:\/\/agora.xtec.cat\/ceipvistaalegre\/wp-json\/wp\/v2\/media?parent=12264"}],"wp:term":[{"taxonomy":"category","embeddable":true,"href":"https:\/\/agora.xtec.cat\/ceipvistaalegre\/wp-json\/wp\/v2\/categories?post=12264"},{"taxonomy":"post_tag","embeddable":true,"href":"https:\/\/agora.xtec.cat\/ceipvistaalegre\/wp-json\/wp\/v2\/tags?post=12264"}],"curies":[{"name":"wp","href":"https:\/\/api.w.org\/{rel}","templated":true}]}}