{"id":12249,"date":"2026-02-20T17:33:10","date_gmt":"2026-02-20T16:33:10","guid":{"rendered":"https:\/\/agora.xtec.cat\/ceipvistaalegre\/?p=12249"},"modified":"2026-02-20T17:33:10","modified_gmt":"2026-02-20T16:33:10","slug":"plantada-de-cebes","status":"publish","type":"post","link":"https:\/\/agora.xtec.cat\/ceipvistaalegre\/primaria\/6e\/plantada-de-cebes\/","title":{"rendered":"PLANTADA DE CEBES"},"content":{"rendered":"<p>Els alumnes de sis\u00e8 han tingut un paper molt important, ja que han ajudat els m\u00e9s petits a preparar la terra, fer els forats i col\u00b7locar les cebes abans de cobrir-les amb la terra. Els nens i nenes de primer han participat amb molta il\u00b7lusi\u00f3, escoltant les explicacions dels seus companys grans i col\u00b7laborant en tot moment. Aquesta cooperaci\u00f3 entre edats ha creat un ambient molt enriquidor, on tots han pogut aprendre els uns dels altres.<\/p>\n<p>Durant l&#8217;activitat tamb\u00e9 s&#8217;ha posat \u00e8mfasi en la import\u00e0ncia de cuidar l&#8217;hort escolar, regar les plantes i tenir paci\u00e8ncia per veure&#8217;n els resultats amb el pas del temps. Ara, tots esperem amb ganes veure com creixen les cebes que hem plantat junts.<\/p>\n<p><img loading=\"lazy\" decoding=\"async\" class=\"alignnone  wp-image-12250\" src=\"https:\/\/agora.xtec.cat\/ceipvistaalegre\/wp-content\/uploads\/usu1936\/2026\/02\/WhatsApp-Image-2026-02-20-at-17.16.03-768x1024.jpeg\" alt=\"\" width=\"254\" height=\"338\" srcset=\"https:\/\/agora.xtec.cat\/ceipvistaalegre\/wp-content\/uploads\/usu1936\/2026\/02\/WhatsApp-Image-2026-02-20-at-17.16.03-768x1024.jpeg 768w, https:\/\/agora.xtec.cat\/ceipvistaalegre\/wp-content\/uploads\/usu1936\/2026\/02\/WhatsApp-Image-2026-02-20-at-17.16.03-225x300.jpeg 225w, https:\/\/agora.xtec.cat\/ceipvistaalegre\/wp-content\/uploads\/usu1936\/2026\/02\/WhatsApp-Image-2026-02-20-at-17.16.03-1152x1536.jpeg 1152w, https:\/\/agora.xtec.cat\/ceipvistaalegre\/wp-content\/uploads\/usu1936\/2026\/02\/WhatsApp-Image-2026-02-20-at-17.16.03.jpeg 1200w\" sizes=\"auto, (max-width: 254px) 100vw, 254px\" \/><\/p>\n","protected":false},"excerpt":{"rendered":"<p>Els alumnes de sis\u00e8 han tingut un paper molt important, ja que han ajudat els m\u00e9s petits a preparar la terra, fer els forats i col\u00b7locar les cebes abans de cobrir-les amb la terra. Els nens i nenes de primer han participat amb molta il\u00b7lusi\u00f3,&hellip;  <a href=\"https:\/\/agora.xtec.cat\/ceipvistaalegre\/primaria\/6e\/plantada-de-cebes\/\" title=\"Read PLANTADA DE CEBES\">Llegeix m\u00e9s\u00bb<\/a><\/p>\n","protected":false},"author":18,"featured_media":0,"comment_status":"open","ping_status":"open","sticky":false,"template":"","format":"standard","meta":{"_bbp_topic_count":0,"_bbp_reply_count":0,"_bbp_total_topic_count":0,"_bbp_total_reply_count":0,"_bbp_voice_count":0,"_bbp_anonymous_reply_count":0,"_bbp_topic_count_hidden":0,"_bbp_reply_count_hidden":0,"_bbp_forum_subforum_count":0,"footnotes":""},"categories":[15],"tags":[],"class_list":["post-12249","post","type-post","status-publish","format-standard","hentry","category-6e"],"post_mailing_queue_ids":[],"_links":{"self":[{"href":"https:\/\/agora.xtec.cat\/ceipvistaalegre\/wp-json\/wp\/v2\/posts\/12249","targetHints":{"allow":["GET"]}}],"collection":[{"href":"https:\/\/agora.xtec.cat\/ceipvistaalegre\/wp-json\/wp\/v2\/posts"}],"about":[{"href":"https:\/\/agora.xtec.cat\/ceipvistaalegre\/wp-json\/wp\/v2\/types\/post"}],"author":[{"embeddable":true,"href":"https:\/\/agora.xtec.cat\/ceipvistaalegre\/wp-json\/wp\/v2\/users\/18"}],"replies":[{"embeddable":true,"href":"https:\/\/agora.xtec.cat\/ceipvistaalegre\/wp-json\/wp\/v2\/comments?post=12249"}],"version-history":[{"count":1,"href":"https:\/\/agora.xtec.cat\/ceipvistaalegre\/wp-json\/wp\/v2\/posts\/12249\/revisions"}],"predecessor-version":[{"id":12251,"href":"https:\/\/agora.xtec.cat\/ceipvistaalegre\/wp-json\/wp\/v2\/posts\/12249\/revisions\/12251"}],"wp:attachment":[{"href":"https:\/\/agora.xtec.cat\/ceipvistaalegre\/wp-json\/wp\/v2\/media?parent=12249"}],"wp:term":[{"taxonomy":"category","embeddable":true,"href":"https:\/\/agora.xtec.cat\/ceipvistaalegre\/wp-json\/wp\/v2\/categories?post=12249"},{"taxonomy":"post_tag","embeddable":true,"href":"https:\/\/agora.xtec.cat\/ceipvistaalegre\/wp-json\/wp\/v2\/tags?post=12249"}],"curies":[{"name":"wp","href":"https:\/\/api.w.org\/{rel}","templated":true}]}}