{"id":12242,"date":"2026-02-20T12:16:07","date_gmt":"2026-02-20T11:16:07","guid":{"rendered":"https:\/\/agora.xtec.cat\/ceipvistaalegre\/?p=12242"},"modified":"2026-02-20T12:16:07","modified_gmt":"2026-02-20T11:16:07","slug":"la-nostra-escola-2","status":"publish","type":"post","link":"https:\/\/agora.xtec.cat\/ceipvistaalegre\/portada\/la-nostra-escola-2\/","title":{"rendered":"La nostra escola"},"content":{"rendered":"<p>A Matar\u00f3, les escoles i instituts p\u00fablics s\u00f3n molt m\u00e9s que llocs d&#8217;aprenentatge.<\/p>\n<p>Amb aquest v\u00eddeo volem ensenyar-vos el nostre la nostra escola i el nostre projecte educatiu perqu\u00e8 us avanceu a la jornada de Portes Obertes pr\u00e8vies a la preinscripci\u00f3 i pugueu fer un tastet.<\/p>\n<p><iframe loading=\"lazy\" title=\"Lectura, natura, internivells...\" width=\"500\" height=\"281\" src=\"https:\/\/www.youtube.com\/embed\/2Vvpq-PRqag?start=10&#038;feature=oembed\" frameborder=\"0\" allow=\"accelerometer; autoplay; clipboard-write; encrypted-media; gyroscope; picture-in-picture; web-share\" referrerpolicy=\"strict-origin-when-cross-origin\" allowfullscreen><\/iframe><\/p>\n","protected":false},"excerpt":{"rendered":"<p>A Matar\u00f3, les escoles i instituts p\u00fablics s\u00f3n molt m\u00e9s que llocs d&#8217;aprenentatge.<br \/>\nAmb aquest v\u00eddeo volem ensenyar-vos el nostre la nostra escola i el nostre projecte educatiu perqu\u00e8 us avanceu a la jornada de Portes Obertes pr\u00e8vies a la preinscripci\u00f3 i pugueu fer un tastet.<\/p>\n","protected":false},"author":3,"featured_media":12243,"comment_status":"open","ping_status":"open","sticky":false,"template":"","format":"standard","meta":{"_bbp_topic_count":0,"_bbp_reply_count":0,"_bbp_total_topic_count":0,"_bbp_total_reply_count":0,"_bbp_voice_count":0,"_bbp_anonymous_reply_count":0,"_bbp_topic_count_hidden":0,"_bbp_reply_count_hidden":0,"_bbp_forum_subforum_count":0,"footnotes":""},"categories":[4,179],"tags":[],"class_list":["post-12242","post","type-post","status-publish","format-standard","has-post-thumbnail","hentry","category-portada","category-preinscripcio-i-matricula-23-24"],"post_mailing_queue_ids":[],"_links":{"self":[{"href":"https:\/\/agora.xtec.cat\/ceipvistaalegre\/wp-json\/wp\/v2\/posts\/12242","targetHints":{"allow":["GET"]}}],"collection":[{"href":"https:\/\/agora.xtec.cat\/ceipvistaalegre\/wp-json\/wp\/v2\/posts"}],"about":[{"href":"https:\/\/agora.xtec.cat\/ceipvistaalegre\/wp-json\/wp\/v2\/types\/post"}],"author":[{"embeddable":true,"href":"https:\/\/agora.xtec.cat\/ceipvistaalegre\/wp-json\/wp\/v2\/users\/3"}],"replies":[{"embeddable":true,"href":"https:\/\/agora.xtec.cat\/ceipvistaalegre\/wp-json\/wp\/v2\/comments?post=12242"}],"version-history":[{"count":1,"href":"https:\/\/agora.xtec.cat\/ceipvistaalegre\/wp-json\/wp\/v2\/posts\/12242\/revisions"}],"predecessor-version":[{"id":12244,"href":"https:\/\/agora.xtec.cat\/ceipvistaalegre\/wp-json\/wp\/v2\/posts\/12242\/revisions\/12244"}],"wp:featuredmedia":[{"embeddable":true,"href":"https:\/\/agora.xtec.cat\/ceipvistaalegre\/wp-json\/wp\/v2\/media\/12243"}],"wp:attachment":[{"href":"https:\/\/agora.xtec.cat\/ceipvistaalegre\/wp-json\/wp\/v2\/media?parent=12242"}],"wp:term":[{"taxonomy":"category","embeddable":true,"href":"https:\/\/agora.xtec.cat\/ceipvistaalegre\/wp-json\/wp\/v2\/categories?post=12242"},{"taxonomy":"post_tag","embeddable":true,"href":"https:\/\/agora.xtec.cat\/ceipvistaalegre\/wp-json\/wp\/v2\/tags?post=12242"}],"curies":[{"name":"wp","href":"https:\/\/api.w.org\/{rel}","templated":true}]}}