{"id":12234,"date":"2026-02-20T12:29:59","date_gmt":"2026-02-20T11:29:59","guid":{"rendered":"https:\/\/agora.xtec.cat\/ceipvistaalegre\/?p=12234"},"modified":"2026-02-20T12:30:12","modified_gmt":"2026-02-20T11:30:12","slug":"judici-rei-carnestoltes","status":"publish","type":"post","link":"https:\/\/agora.xtec.cat\/ceipvistaalegre\/primaria\/5e\/judici-rei-carnestoltes\/","title":{"rendered":"JUDICI REIS CARNESTOLTES"},"content":{"rendered":"<p data-start=\"0\" data-end=\"306\">Els nens i nenes de 5\u00e8 han representat el judici del Rei i la Reina Carnestoltes, una activitat molt arrelada a les celebracions de Carnaval. Aquesta representaci\u00f3 simbolitza el final del temps de disbauxa, festa i excessos propis del Carnestoltes, i dona pas a un per\u00edode m\u00e9s tranquil i reflexiu.<\/p>\n<p data-start=\"308\" data-end=\"683\">Segons la tradici\u00f3, durant el judici es repassen, totes les entremaliadures i bogeries que s\u2019han fet durant la setmana de Carnaval. Finalment, el Rei i la Reina Carnestoltes s\u00f3n declarats culpables i \u201ccondemnats\u201d, escenificant aix\u00ed el tancament de la festa. Tot seguit arriba la Vella Quaresma, que representa l\u2019inici d\u2019un per\u00edode de calma i preparaci\u00f3 fins a la primavera.<\/p>\n<p data-start=\"685\" data-end=\"958\">Durant l\u2019actuaci\u00f3, els alumnes han interpretat diferents personatges. L\u2019activitat ha estat molt ben rebuda per la resta de companys i mestres de l&#8217;escola, que han gaudit d\u2019una estona l\u00fadica i cultural.<\/p>\n<p data-start=\"685\" data-end=\"958\"><a href=\"https:\/\/agora.xtec.cat\/ceipvistaalegre\/wp-content\/uploads\/usu1936\/2026\/02\/Judici-del-Rei-i-la-Reina-Carnesto-1.png\"><img loading=\"lazy\" decoding=\"async\" class=\"wp-image-12246 aligncenter\" src=\"https:\/\/agora.xtec.cat\/ceipvistaalegre\/wp-content\/uploads\/usu1936\/2026\/02\/Judici-del-Rei-i-la-Reina-Carnesto-1-1024x729.png\" alt=\"\" width=\"854\" height=\"608\" srcset=\"https:\/\/agora.xtec.cat\/ceipvistaalegre\/wp-content\/uploads\/usu1936\/2026\/02\/Judici-del-Rei-i-la-Reina-Carnesto-1-1024x729.png 1024w, https:\/\/agora.xtec.cat\/ceipvistaalegre\/wp-content\/uploads\/usu1936\/2026\/02\/Judici-del-Rei-i-la-Reina-Carnesto-1-300x214.png 300w, https:\/\/agora.xtec.cat\/ceipvistaalegre\/wp-content\/uploads\/usu1936\/2026\/02\/Judici-del-Rei-i-la-Reina-Carnesto-1-768x547.png 768w, https:\/\/agora.xtec.cat\/ceipvistaalegre\/wp-content\/uploads\/usu1936\/2026\/02\/Judici-del-Rei-i-la-Reina-Carnesto-1.png 1062w\" sizes=\"auto, (max-width: 854px) 100vw, 854px\" \/><\/a><\/p>\n<p>&nbsp;<\/p>\n","protected":false},"excerpt":{"rendered":"<p>Els nens i nenes de 5\u00e8 han representat el judici del Rei i la Reina Carnestoltes, una activitat molt arrelada a les celebracions de Carnaval. Aquesta representaci\u00f3 simbolitza el final del temps de disbauxa, festa i excessos propis del Carnestoltes, i dona pas a un&hellip;  <a href=\"https:\/\/agora.xtec.cat\/ceipvistaalegre\/primaria\/5e\/judici-rei-carnestoltes\/\" title=\"Read JUDICI REIS CARNESTOLTES\">Llegeix m\u00e9s\u00bb<\/a><\/p>\n","protected":false},"author":3,"featured_media":0,"comment_status":"open","ping_status":"open","sticky":false,"template":"","format":"standard","meta":{"_bbp_topic_count":0,"_bbp_reply_count":0,"_bbp_total_topic_count":0,"_bbp_total_reply_count":0,"_bbp_voice_count":0,"_bbp_anonymous_reply_count":0,"_bbp_topic_count_hidden":0,"_bbp_reply_count_hidden":0,"_bbp_forum_subforum_count":0,"footnotes":""},"categories":[14],"tags":[],"class_list":["post-12234","post","type-post","status-publish","format-standard","hentry","category-5e"],"post_mailing_queue_ids":[],"_links":{"self":[{"href":"https:\/\/agora.xtec.cat\/ceipvistaalegre\/wp-json\/wp\/v2\/posts\/12234","targetHints":{"allow":["GET"]}}],"collection":[{"href":"https:\/\/agora.xtec.cat\/ceipvistaalegre\/wp-json\/wp\/v2\/posts"}],"about":[{"href":"https:\/\/agora.xtec.cat\/ceipvistaalegre\/wp-json\/wp\/v2\/types\/post"}],"author":[{"embeddable":true,"href":"https:\/\/agora.xtec.cat\/ceipvistaalegre\/wp-json\/wp\/v2\/users\/3"}],"replies":[{"embeddable":true,"href":"https:\/\/agora.xtec.cat\/ceipvistaalegre\/wp-json\/wp\/v2\/comments?post=12234"}],"version-history":[{"count":2,"href":"https:\/\/agora.xtec.cat\/ceipvistaalegre\/wp-json\/wp\/v2\/posts\/12234\/revisions"}],"predecessor-version":[{"id":12248,"href":"https:\/\/agora.xtec.cat\/ceipvistaalegre\/wp-json\/wp\/v2\/posts\/12234\/revisions\/12248"}],"wp:attachment":[{"href":"https:\/\/agora.xtec.cat\/ceipvistaalegre\/wp-json\/wp\/v2\/media?parent=12234"}],"wp:term":[{"taxonomy":"category","embeddable":true,"href":"https:\/\/agora.xtec.cat\/ceipvistaalegre\/wp-json\/wp\/v2\/categories?post=12234"},{"taxonomy":"post_tag","embeddable":true,"href":"https:\/\/agora.xtec.cat\/ceipvistaalegre\/wp-json\/wp\/v2\/tags?post=12234"}],"curies":[{"name":"wp","href":"https:\/\/api.w.org\/{rel}","templated":true}]}}