{"id":12228,"date":"2026-02-13T17:53:51","date_gmt":"2026-02-13T16:53:51","guid":{"rendered":"https:\/\/agora.xtec.cat\/ceipvistaalegre\/?p=12228"},"modified":"2026-02-13T17:53:51","modified_gmt":"2026-02-13T16:53:51","slug":"festa-carnaval","status":"publish","type":"post","link":"https:\/\/agora.xtec.cat\/ceipvistaalegre\/primaria\/6e\/festa-carnaval\/","title":{"rendered":"FESTA CARNAVAL"},"content":{"rendered":"<p>La festa de Carnaval d&#8217;aquest any ha estat, sens dubte, una de les m\u00e9s especials que hem viscut a l&#8217;escola. Els veritables protagonistes han estat els alumnes de sis\u00e8, que amb il\u00b7lusi\u00f3, responsabilitat i molta creativitat han liderat una celebraci\u00f3 plena de color, m\u00fasica i esperit mariner sota la tem\u00e0tica del mar.<\/p>\n<p>Des de feia setmanes, els nois i noies de sis\u00e8, preparaven amb entusiasme tots els detalls: decoracions amb peixos gegants, meduses, petxines, estrelles de mar, coralls.. S&#8217;han repartit les tasques, treballant en equip i demostrant una gran responsabilitat per tal que la festa fos tot un \u00e8xit.<\/p>\n<p>&nbsp;<\/p>\n<p><img loading=\"lazy\" decoding=\"async\" class=\"alignnone  wp-image-12229\" src=\"https:\/\/agora.xtec.cat\/ceipvistaalegre\/wp-content\/uploads\/usu1936\/2026\/02\/CARNESTOLTES-1024x768.jpg\" alt=\"\" width=\"463\" height=\"347\" srcset=\"https:\/\/agora.xtec.cat\/ceipvistaalegre\/wp-content\/uploads\/usu1936\/2026\/02\/CARNESTOLTES-1024x768.jpg 1024w, https:\/\/agora.xtec.cat\/ceipvistaalegre\/wp-content\/uploads\/usu1936\/2026\/02\/CARNESTOLTES-300x225.jpg 300w, https:\/\/agora.xtec.cat\/ceipvistaalegre\/wp-content\/uploads\/usu1936\/2026\/02\/CARNESTOLTES-768x576.jpg 768w, https:\/\/agora.xtec.cat\/ceipvistaalegre\/wp-content\/uploads\/usu1936\/2026\/02\/CARNESTOLTES-1536x1152.jpg 1536w, https:\/\/agora.xtec.cat\/ceipvistaalegre\/wp-content\/uploads\/usu1936\/2026\/02\/CARNESTOLTES-200x150.jpg 200w, https:\/\/agora.xtec.cat\/ceipvistaalegre\/wp-content\/uploads\/usu1936\/2026\/02\/CARNESTOLTES.jpg 2040w\" sizes=\"auto, (max-width: 463px) 100vw, 463px\" \/><\/p>\n","protected":false},"excerpt":{"rendered":"<p>La festa de Carnaval d&#8217;aquest any ha estat, sens dubte, una de les m\u00e9s especials que hem viscut a l&#8217;escola. Els veritables protagonistes han estat els alumnes de sis\u00e8, que amb il\u00b7lusi\u00f3, responsabilitat i molta creativitat han liderat una celebraci\u00f3 plena de color, m\u00fasica i&hellip;  <a href=\"https:\/\/agora.xtec.cat\/ceipvistaalegre\/primaria\/6e\/festa-carnaval\/\" title=\"Read FESTA CARNAVAL\">Llegeix m\u00e9s\u00bb<\/a><\/p>\n","protected":false},"author":18,"featured_media":0,"comment_status":"open","ping_status":"open","sticky":false,"template":"","format":"standard","meta":{"_bbp_topic_count":0,"_bbp_reply_count":0,"_bbp_total_topic_count":0,"_bbp_total_reply_count":0,"_bbp_voice_count":0,"_bbp_anonymous_reply_count":0,"_bbp_topic_count_hidden":0,"_bbp_reply_count_hidden":0,"_bbp_forum_subforum_count":0,"footnotes":""},"categories":[15],"tags":[],"class_list":["post-12228","post","type-post","status-publish","format-standard","hentry","category-6e"],"post_mailing_queue_ids":[],"_links":{"self":[{"href":"https:\/\/agora.xtec.cat\/ceipvistaalegre\/wp-json\/wp\/v2\/posts\/12228","targetHints":{"allow":["GET"]}}],"collection":[{"href":"https:\/\/agora.xtec.cat\/ceipvistaalegre\/wp-json\/wp\/v2\/posts"}],"about":[{"href":"https:\/\/agora.xtec.cat\/ceipvistaalegre\/wp-json\/wp\/v2\/types\/post"}],"author":[{"embeddable":true,"href":"https:\/\/agora.xtec.cat\/ceipvistaalegre\/wp-json\/wp\/v2\/users\/18"}],"replies":[{"embeddable":true,"href":"https:\/\/agora.xtec.cat\/ceipvistaalegre\/wp-json\/wp\/v2\/comments?post=12228"}],"version-history":[{"count":1,"href":"https:\/\/agora.xtec.cat\/ceipvistaalegre\/wp-json\/wp\/v2\/posts\/12228\/revisions"}],"predecessor-version":[{"id":12230,"href":"https:\/\/agora.xtec.cat\/ceipvistaalegre\/wp-json\/wp\/v2\/posts\/12228\/revisions\/12230"}],"wp:attachment":[{"href":"https:\/\/agora.xtec.cat\/ceipvistaalegre\/wp-json\/wp\/v2\/media?parent=12228"}],"wp:term":[{"taxonomy":"category","embeddable":true,"href":"https:\/\/agora.xtec.cat\/ceipvistaalegre\/wp-json\/wp\/v2\/categories?post=12228"},{"taxonomy":"post_tag","embeddable":true,"href":"https:\/\/agora.xtec.cat\/ceipvistaalegre\/wp-json\/wp\/v2\/tags?post=12228"}],"curies":[{"name":"wp","href":"https:\/\/api.w.org\/{rel}","templated":true}]}}