{"id":12223,"date":"2026-02-12T19:34:25","date_gmt":"2026-02-12T18:34:25","guid":{"rendered":"https:\/\/agora.xtec.cat\/ceipvistaalegre\/?p=12223"},"modified":"2026-02-12T19:34:25","modified_gmt":"2026-02-12T18:34:25","slug":"sortida-a-la-fundacio-miro","status":"publish","type":"post","link":"https:\/\/agora.xtec.cat\/ceipvistaalegre\/infantil\/infantil-4-anys\/sortida-a-la-fundacio-miro\/","title":{"rendered":"SORTIDA A LA FUNDACI\u00d3 MIR\u00d3"},"content":{"rendered":"<p>Els nens i les nenes d&#8217;Educaci\u00f3 Infantil estem estudiant l&#8217;obra de Joan Mir\u00f3. Cada dilluns, en els tallers d&#8217;internivell , treballem\u00a0 quadres i escultures realitzades per l&#8217;artista. A trav\u00e9s de la seva obra, descobrim els colors, les formes, les t\u00e8cniques que en Mir\u00f3 utilitzava per fer les seves creacions.<\/p>\n<p>El passat dimars, dia 10 de febrer, tot infantil vam a anar a la Fundaci\u00f3 Mir\u00f3. Vam fer una visita dinamitzada pel museu i vam poder gauidr en directe de les obres que haviem treballat a la classe.<\/p>\n<p>Les tortugues, els pops i les estrelles vam aprendre i vam gaudir molt amb aquesta experi\u00e8ncia.<\/p>\n<p><a href=\"https:\/\/agora.xtec.cat\/ceipvistaalegre\/wp-content\/uploads\/usu1936\/2026\/02\/20260212_193047-1-scaled.jpg\"><img loading=\"lazy\" decoding=\"async\" class=\"size-large wp-image-12225 aligncenter\" src=\"https:\/\/agora.xtec.cat\/ceipvistaalegre\/wp-content\/uploads\/usu1936\/2026\/02\/20260212_193047-1-576x1024.jpg\" alt=\"\" width=\"576\" height=\"1024\" srcset=\"https:\/\/agora.xtec.cat\/ceipvistaalegre\/wp-content\/uploads\/usu1936\/2026\/02\/20260212_193047-1-576x1024.jpg 576w, https:\/\/agora.xtec.cat\/ceipvistaalegre\/wp-content\/uploads\/usu1936\/2026\/02\/20260212_193047-1-169x300.jpg 169w, https:\/\/agora.xtec.cat\/ceipvistaalegre\/wp-content\/uploads\/usu1936\/2026\/02\/20260212_193047-1-768x1365.jpg 768w, https:\/\/agora.xtec.cat\/ceipvistaalegre\/wp-content\/uploads\/usu1936\/2026\/02\/20260212_193047-1-864x1536.jpg 864w, https:\/\/agora.xtec.cat\/ceipvistaalegre\/wp-content\/uploads\/usu1936\/2026\/02\/20260212_193047-1-1152x2048.jpg 1152w, https:\/\/agora.xtec.cat\/ceipvistaalegre\/wp-content\/uploads\/usu1936\/2026\/02\/20260212_193047-1-scaled.jpg 1440w\" sizes=\"auto, (max-width: 576px) 100vw, 576px\" \/><\/a><\/p>\n","protected":false},"excerpt":{"rendered":"<p>Els nens i les nenes d&#8217;Educaci\u00f3 Infantil estem estudiant l&#8217;obra de Joan Mir\u00f3. Cada dilluns, en els tallers d&#8217;internivell , treballem\u00a0 quadres i escultures realitzades per l&#8217;artista. A trav\u00e9s de la seva obra, descobrim els colors, les formes, les t\u00e8cniques que en Mir\u00f3 utilitzava per&hellip;  <a href=\"https:\/\/agora.xtec.cat\/ceipvistaalegre\/infantil\/infantil-4-anys\/sortida-a-la-fundacio-miro\/\" title=\"Read SORTIDA A LA FUNDACI\u00d3 MIR\u00d3\">Llegeix m\u00e9s\u00bb<\/a><\/p>\n","protected":false},"author":15,"featured_media":0,"comment_status":"open","ping_status":"open","sticky":false,"template":"","format":"standard","meta":{"_bbp_topic_count":0,"_bbp_reply_count":0,"_bbp_total_topic_count":0,"_bbp_total_reply_count":0,"_bbp_voice_count":0,"_bbp_anonymous_reply_count":0,"_bbp_topic_count_hidden":0,"_bbp_reply_count_hidden":0,"_bbp_forum_subforum_count":0,"footnotes":""},"categories":[8],"tags":[],"class_list":["post-12223","post","type-post","status-publish","format-standard","hentry","category-infantil-4-anys"],"post_mailing_queue_ids":[],"_links":{"self":[{"href":"https:\/\/agora.xtec.cat\/ceipvistaalegre\/wp-json\/wp\/v2\/posts\/12223","targetHints":{"allow":["GET"]}}],"collection":[{"href":"https:\/\/agora.xtec.cat\/ceipvistaalegre\/wp-json\/wp\/v2\/posts"}],"about":[{"href":"https:\/\/agora.xtec.cat\/ceipvistaalegre\/wp-json\/wp\/v2\/types\/post"}],"author":[{"embeddable":true,"href":"https:\/\/agora.xtec.cat\/ceipvistaalegre\/wp-json\/wp\/v2\/users\/15"}],"replies":[{"embeddable":true,"href":"https:\/\/agora.xtec.cat\/ceipvistaalegre\/wp-json\/wp\/v2\/comments?post=12223"}],"version-history":[{"count":2,"href":"https:\/\/agora.xtec.cat\/ceipvistaalegre\/wp-json\/wp\/v2\/posts\/12223\/revisions"}],"predecessor-version":[{"id":12227,"href":"https:\/\/agora.xtec.cat\/ceipvistaalegre\/wp-json\/wp\/v2\/posts\/12223\/revisions\/12227"}],"wp:attachment":[{"href":"https:\/\/agora.xtec.cat\/ceipvistaalegre\/wp-json\/wp\/v2\/media?parent=12223"}],"wp:term":[{"taxonomy":"category","embeddable":true,"href":"https:\/\/agora.xtec.cat\/ceipvistaalegre\/wp-json\/wp\/v2\/categories?post=12223"},{"taxonomy":"post_tag","embeddable":true,"href":"https:\/\/agora.xtec.cat\/ceipvistaalegre\/wp-json\/wp\/v2\/tags?post=12223"}],"curies":[{"name":"wp","href":"https:\/\/api.w.org\/{rel}","templated":true}]}}