{"id":12212,"date":"2026-02-12T13:11:58","date_gmt":"2026-02-12T12:11:58","guid":{"rendered":"https:\/\/agora.xtec.cat\/ceipvistaalegre\/?p=12212"},"modified":"2026-02-12T13:12:10","modified_gmt":"2026-02-12T12:12:10","slug":"projecte-dart-ded-infantil-joan-miro","status":"publish","type":"post","link":"https:\/\/agora.xtec.cat\/ceipvistaalegre\/infantil\/projecte-dart-ded-infantil-joan-miro\/","title":{"rendered":"Projecte d&#8217;Art d&#8217;Ed. Infantil: Joan Mir\u00f3."},"content":{"rendered":"<p><a href=\"https:\/\/agora.xtec.cat\/ceipvistaalegre\/infantil\/projecte-dart-ded-infantil-joan-miro\/attachment\/photo-output-1-6\/\" rel=\"attachment wp-att-12213\"><img loading=\"lazy\" decoding=\"async\" class=\"aligncenter size-full wp-image-12213\" src=\"https:\/\/agora.xtec.cat\/ceipvistaalegre\/wp-content\/uploads\/usu1936\/2026\/02\/photo-output-1-scaled.jpeg\" alt=\"\" width=\"2560\" height=\"2560\" srcset=\"https:\/\/agora.xtec.cat\/ceipvistaalegre\/wp-content\/uploads\/usu1936\/2026\/02\/photo-output-1-scaled.jpeg 2560w, https:\/\/agora.xtec.cat\/ceipvistaalegre\/wp-content\/uploads\/usu1936\/2026\/02\/photo-output-1-300x300.jpeg 300w, https:\/\/agora.xtec.cat\/ceipvistaalegre\/wp-content\/uploads\/usu1936\/2026\/02\/photo-output-1-1024x1024.jpeg 1024w, https:\/\/agora.xtec.cat\/ceipvistaalegre\/wp-content\/uploads\/usu1936\/2026\/02\/photo-output-1-150x150.jpeg 150w, https:\/\/agora.xtec.cat\/ceipvistaalegre\/wp-content\/uploads\/usu1936\/2026\/02\/photo-output-1-768x768.jpeg 768w, https:\/\/agora.xtec.cat\/ceipvistaalegre\/wp-content\/uploads\/usu1936\/2026\/02\/photo-output-1-1536x1536.jpeg 1536w, https:\/\/agora.xtec.cat\/ceipvistaalegre\/wp-content\/uploads\/usu1936\/2026\/02\/photo-output-1-2048x2048.jpeg 2048w\" sizes=\"auto, (max-width: 2560px) 100vw, 2560px\" \/><\/a><\/p>\n<p>Dins del Projecte d&#8217;Art de l&#8217;escola, aquest any els infants d&#8217;Ed. Infantil estem coneixent Joan Mir\u00f3 i la seva obra. Per aprofundir-hi m\u00e9s i tenir contacte amb les seves obres originals hem visitat la Fundaci\u00f3 Mir\u00f3 a Barcelona.<\/p>\n<p>Concretament, hem realitzat una visita dinamitzada emmarcada en l&#8217;exposici\u00f3 temporal <em>&#8220;Mir\u00f3 i els Estats Units: L\u00ednia, taca i dibuix dins la maleta&#8221;.<\/em><\/p>\n<p>A trav\u00e9s de petites pr\u00e0ctiques hem experimentat amb el color, la composici\u00f3 i el moviment. Hem posat <span style=\"font-family: inherit; font-size: 1em;\">a prova l&#8217;equilibri, hem tra\u00e7at camins, observat taques, formes i textures i ens hem convertit\u00a0 en obres d&#8217;art en moviment creant composicions amb robes de colors.\u00a0<\/span><\/p>\n<p>Un cop finalitzada la visita a la Fundaci\u00f3 Mir\u00f3 hem pogut contemplar l&#8217;obra <em>&#8220;Dona i ocell&#8221; <\/em>que es troba a prop de la Pl. d&#8217;Espanya de Barcelona.<\/p>\n<p>Hem gaudit molt amb aquesta sortida, ara coneixem m\u00e9s coses sobre l&#8217;obra de Mir\u00f3.<\/p>\n<p>&nbsp;<\/p>\n","protected":false},"excerpt":{"rendered":"<p><a href=\"https:\/\/agora.xtec.cat\/ceipvistaalegre\/infantil\/projecte-dart-ded-infantil-joan-miro\/attachment\/photo-output-1-6\/\" rel=\"attachment wp-att-12213\"><\/a><br \/>\nDins del Projecte d&#8217;Art de l&#8217;escola, aquest any els infants d&#8217;Ed. Infantil estem coneixent Joan Mir\u00f3 i la seva obra. Per aprofundir-hi m\u00e9s i tenir contacte amb les seves obres originals hem visitat la Fundaci\u00f3 Mir\u00f3 a Barcelona.<br \/>\nConcretament, hem realitzat una visita&hellip;  <a href=\"https:\/\/agora.xtec.cat\/ceipvistaalegre\/infantil\/projecte-dart-ded-infantil-joan-miro\/\" title=\"Read Projecte d&#8217;Art d&#8217;Ed. Infantil: Joan Mir\u00f3.\">Llegeix m\u00e9s\u00bb<\/a><\/p>\n","protected":false},"author":4,"featured_media":0,"comment_status":"open","ping_status":"open","sticky":false,"template":"","format":"standard","meta":{"_bbp_topic_count":0,"_bbp_reply_count":0,"_bbp_total_topic_count":0,"_bbp_total_reply_count":0,"_bbp_voice_count":0,"_bbp_anonymous_reply_count":0,"_bbp_topic_count_hidden":0,"_bbp_reply_count_hidden":0,"_bbp_forum_subforum_count":0,"footnotes":""},"categories":[3,8,225,2],"tags":[367,318,393,329,392,382],"class_list":["post-12212","post","type-post","status-publish","format-standard","hentry","category-infantil-3-anys","category-infantil-4-anys","category-infantil-5-anys","category-infantil","tag-comunicacio-i-llenguatges","tag-descoberta-de-lentorn","tag-joan-miro","tag-llenguatge-plastic","tag-projecte-dart","tag-sortides-infantil"],"post_mailing_queue_ids":[],"_links":{"self":[{"href":"https:\/\/agora.xtec.cat\/ceipvistaalegre\/wp-json\/wp\/v2\/posts\/12212","targetHints":{"allow":["GET"]}}],"collection":[{"href":"https:\/\/agora.xtec.cat\/ceipvistaalegre\/wp-json\/wp\/v2\/posts"}],"about":[{"href":"https:\/\/agora.xtec.cat\/ceipvistaalegre\/wp-json\/wp\/v2\/types\/post"}],"author":[{"embeddable":true,"href":"https:\/\/agora.xtec.cat\/ceipvistaalegre\/wp-json\/wp\/v2\/users\/4"}],"replies":[{"embeddable":true,"href":"https:\/\/agora.xtec.cat\/ceipvistaalegre\/wp-json\/wp\/v2\/comments?post=12212"}],"version-history":[{"count":3,"href":"https:\/\/agora.xtec.cat\/ceipvistaalegre\/wp-json\/wp\/v2\/posts\/12212\/revisions"}],"predecessor-version":[{"id":12216,"href":"https:\/\/agora.xtec.cat\/ceipvistaalegre\/wp-json\/wp\/v2\/posts\/12212\/revisions\/12216"}],"wp:attachment":[{"href":"https:\/\/agora.xtec.cat\/ceipvistaalegre\/wp-json\/wp\/v2\/media?parent=12212"}],"wp:term":[{"taxonomy":"category","embeddable":true,"href":"https:\/\/agora.xtec.cat\/ceipvistaalegre\/wp-json\/wp\/v2\/categories?post=12212"},{"taxonomy":"post_tag","embeddable":true,"href":"https:\/\/agora.xtec.cat\/ceipvistaalegre\/wp-json\/wp\/v2\/tags?post=12212"}],"curies":[{"name":"wp","href":"https:\/\/api.w.org\/{rel}","templated":true}]}}