{"id":12151,"date":"2026-01-30T08:56:38","date_gmt":"2026-01-30T07:56:38","guid":{"rendered":"https:\/\/agora.xtec.cat\/ceipvistaalegre\/?p=12151"},"modified":"2026-01-30T08:56:38","modified_gmt":"2026-01-30T07:56:38","slug":"laula-dacollida","status":"publish","type":"post","link":"https:\/\/agora.xtec.cat\/ceipvistaalegre\/primaria\/2n\/laula-dacollida\/","title":{"rendered":"L\u2019aula d\u2019acollida"},"content":{"rendered":"<p>Benvinguts i benvingudes a l\u2019aula d\u2019acollida!<\/p>\n<p>Sentir-se acollit \u00e9s el primer pas per poder aprendre. Per aix\u00f2, l\u2019aula d\u2019acollida \u00e9s un espai segur i molt especial: \u00e9s un lloc on els nous alumnes troben suport, confian\u00e7a i un punt de partida per comen\u00e7ar la seva nova etapa d&#8217;escolaritzaci\u00f3.<\/p>\n<p>L\u2019objectiu principal de l\u2019aula d\u2019acollida \u00e9s ajudar els infants a aprendre la llengua catalana, que ser\u00e0 la llengua vehicular del seu dia a dia a l\u2019escola. Per fer-ho, treballem sobretot a trav\u00e9s de l\u2019experi\u00e8ncia, el joc i les activitats significatives.<\/p>\n<p>Treballem el vocabulari b\u00e0sic necessari per comunicar-se a l\u2019aula, al pati i en la vida quotidiana: els objectes de classe, les parts del cos, la roba, els aliments, les emocions, els dies de la setmana\u2026<\/p>\n<p>A m\u00e9s, fomentem la confian\u00e7a per parlar, mitjan\u00e7ant activitats orals atractives pels infants i relacionades amb els seus or\u00edgens.<\/p>\n<p>L\u2019aula d\u2019acollida \u00e9s un espai per compartir cultures, experi\u00e8ncies i hist\u00f2ries. Cada alumne aporta una riquesa \u00fanica que ens ajuda a cr\u00e9ixer com a comunitat educativa.<\/p>\n<p><a href=\"https:\/\/agora.xtec.cat\/ceipvistaalegre\/wp-content\/uploads\/usu1936\/2026\/01\/FullSizeRender-scaled.jpeg\" data-wp-editing=\"1\"><img loading=\"lazy\" decoding=\"async\" class=\"alignnone size-large wp-image-12164 aligncenter\" src=\"https:\/\/agora.xtec.cat\/ceipvistaalegre\/wp-content\/uploads\/usu1936\/2026\/01\/FullSizeRender-1024x814.jpeg\" alt=\"\" width=\"1024\" height=\"814\" srcset=\"https:\/\/agora.xtec.cat\/ceipvistaalegre\/wp-content\/uploads\/usu1936\/2026\/01\/FullSizeRender-1024x814.jpeg 1024w, https:\/\/agora.xtec.cat\/ceipvistaalegre\/wp-content\/uploads\/usu1936\/2026\/01\/FullSizeRender-300x238.jpeg 300w, https:\/\/agora.xtec.cat\/ceipvistaalegre\/wp-content\/uploads\/usu1936\/2026\/01\/FullSizeRender-768x610.jpeg 768w, https:\/\/agora.xtec.cat\/ceipvistaalegre\/wp-content\/uploads\/usu1936\/2026\/01\/FullSizeRender-1536x1221.jpeg 1536w, https:\/\/agora.xtec.cat\/ceipvistaalegre\/wp-content\/uploads\/usu1936\/2026\/01\/FullSizeRender-2048x1627.jpeg 2048w\" sizes=\"auto, (max-width: 1024px) 100vw, 1024px\" \/><\/a><\/p>\n<p>&nbsp;<\/p>\n","protected":false},"excerpt":{"rendered":"<p>Benvinguts i benvingudes a l\u2019aula d\u2019acollida!<br \/>\nSentir-se acollit \u00e9s el primer pas per poder aprendre. Per aix\u00f2, l\u2019aula d\u2019acollida \u00e9s un espai segur i molt especial: \u00e9s un lloc on els nous alumnes troben suport, confian\u00e7a i un punt de partida per comen\u00e7ar la seva nova&hellip;  <a href=\"https:\/\/agora.xtec.cat\/ceipvistaalegre\/primaria\/2n\/laula-dacollida\/\" title=\"Read L\u2019aula d\u2019acollida\">Llegeix m\u00e9s\u00bb<\/a><\/p>\n","protected":false},"author":45,"featured_media":12165,"comment_status":"open","ping_status":"open","sticky":false,"template":"","format":"standard","meta":{"_bbp_topic_count":0,"_bbp_reply_count":0,"_bbp_total_topic_count":0,"_bbp_total_reply_count":0,"_bbp_voice_count":0,"_bbp_anonymous_reply_count":0,"_bbp_topic_count_hidden":0,"_bbp_reply_count_hidden":0,"_bbp_forum_subforum_count":0,"footnotes":""},"categories":[11,13,14],"tags":[389],"class_list":["post-12151","post","type-post","status-publish","format-standard","has-post-thumbnail","hentry","category-2n","category-4t","category-5e","tag-aula-dacollida"],"post_mailing_queue_ids":[],"_links":{"self":[{"href":"https:\/\/agora.xtec.cat\/ceipvistaalegre\/wp-json\/wp\/v2\/posts\/12151","targetHints":{"allow":["GET"]}}],"collection":[{"href":"https:\/\/agora.xtec.cat\/ceipvistaalegre\/wp-json\/wp\/v2\/posts"}],"about":[{"href":"https:\/\/agora.xtec.cat\/ceipvistaalegre\/wp-json\/wp\/v2\/types\/post"}],"author":[{"embeddable":true,"href":"https:\/\/agora.xtec.cat\/ceipvistaalegre\/wp-json\/wp\/v2\/users\/45"}],"replies":[{"embeddable":true,"href":"https:\/\/agora.xtec.cat\/ceipvistaalegre\/wp-json\/wp\/v2\/comments?post=12151"}],"version-history":[{"count":2,"href":"https:\/\/agora.xtec.cat\/ceipvistaalegre\/wp-json\/wp\/v2\/posts\/12151\/revisions"}],"predecessor-version":[{"id":12168,"href":"https:\/\/agora.xtec.cat\/ceipvistaalegre\/wp-json\/wp\/v2\/posts\/12151\/revisions\/12168"}],"wp:featuredmedia":[{"embeddable":true,"href":"https:\/\/agora.xtec.cat\/ceipvistaalegre\/wp-json\/wp\/v2\/media\/12165"}],"wp:attachment":[{"href":"https:\/\/agora.xtec.cat\/ceipvistaalegre\/wp-json\/wp\/v2\/media?parent=12151"}],"wp:term":[{"taxonomy":"category","embeddable":true,"href":"https:\/\/agora.xtec.cat\/ceipvistaalegre\/wp-json\/wp\/v2\/categories?post=12151"},{"taxonomy":"post_tag","embeddable":true,"href":"https:\/\/agora.xtec.cat\/ceipvistaalegre\/wp-json\/wp\/v2\/tags?post=12151"}],"curies":[{"name":"wp","href":"https:\/\/api.w.org\/{rel}","templated":true}]}}