{"id":12117,"date":"2026-01-24T20:51:24","date_gmt":"2026-01-24T19:51:24","guid":{"rendered":"https:\/\/agora.xtec.cat\/ceipvistaalegre\/?p=12117"},"modified":"2026-01-24T20:51:24","modified_gmt":"2026-01-24T19:51:24","slug":"racons-de-matematiques-3","status":"publish","type":"post","link":"https:\/\/agora.xtec.cat\/ceipvistaalegre\/primaria\/6e\/racons-de-matematiques-3\/","title":{"rendered":"RACONS DE MATEM\u00c0TIQUES"},"content":{"rendered":"<p>Treballar per racons fa que les matem\u00e0tiques siguin m\u00e9s properes i motivadores. Els alumnes participen activament, coopera amb els companys i guanya confian\u00e7a en les seves capacitats. A m\u00e9s, el fet de variar les activitats redueix la monotonia i augmenta la implicaci\u00f3.<\/p>\n<p>Cada rac\u00f3 t\u00e9 una proposta concreta, amb materials i reptes espec\u00edfics, que permeten practicar sabers diversos d&#8217;una manera m\u00e9s manipulativa, l\u00fadica i reflexiva. S\u00f3n una manera d&#8217;entendre l&#8217;aprenentatge com un proc\u00e9s actiu, divers i significatiu. A trav\u00e9s de l&#8217;experimentaci\u00f3, el di\u00e0leg i el repte, els alumnes no nom\u00e9s aprenen matem\u00e0tiques, sin\u00f3 que desenvolupen habilitats que els seran \u00fatils en tots els \u00e0mbits de la seva vida acad\u00e8mica i personal.<\/p>\n<p>&nbsp;<\/p>\n<p><img loading=\"lazy\" decoding=\"async\" class=\"alignnone  wp-image-12118\" src=\"https:\/\/agora.xtec.cat\/ceipvistaalegre\/wp-content\/uploads\/usu1936\/2026\/01\/WhatsApp-Image-2026-01-23-at-17.34.36-768x1024.jpeg\" alt=\"\" width=\"284\" height=\"379\" srcset=\"https:\/\/agora.xtec.cat\/ceipvistaalegre\/wp-content\/uploads\/usu1936\/2026\/01\/WhatsApp-Image-2026-01-23-at-17.34.36-768x1024.jpeg 768w, https:\/\/agora.xtec.cat\/ceipvistaalegre\/wp-content\/uploads\/usu1936\/2026\/01\/WhatsApp-Image-2026-01-23-at-17.34.36-225x300.jpeg 225w, https:\/\/agora.xtec.cat\/ceipvistaalegre\/wp-content\/uploads\/usu1936\/2026\/01\/WhatsApp-Image-2026-01-23-at-17.34.36-1152x1536.jpeg 1152w, https:\/\/agora.xtec.cat\/ceipvistaalegre\/wp-content\/uploads\/usu1936\/2026\/01\/WhatsApp-Image-2026-01-23-at-17.34.36.jpeg 1200w\" sizes=\"auto, (max-width: 284px) 100vw, 284px\" \/><\/p>\n","protected":false},"excerpt":{"rendered":"<p>Treballar per racons fa que les matem\u00e0tiques siguin m\u00e9s properes i motivadores. Els alumnes participen activament, coopera amb els companys i guanya confian\u00e7a en les seves capacitats. A m\u00e9s, el fet de variar les activitats redueix la monotonia i augmenta la implicaci\u00f3.<br \/>\nCada rac\u00f3 t\u00e9 una&hellip;  <a href=\"https:\/\/agora.xtec.cat\/ceipvistaalegre\/primaria\/6e\/racons-de-matematiques-3\/\" title=\"Read RACONS DE MATEM\u00c0TIQUES\">Llegeix m\u00e9s\u00bb<\/a><\/p>\n","protected":false},"author":18,"featured_media":0,"comment_status":"open","ping_status":"open","sticky":false,"template":"","format":"standard","meta":{"_bbp_topic_count":0,"_bbp_reply_count":0,"_bbp_total_topic_count":0,"_bbp_total_reply_count":0,"_bbp_voice_count":0,"_bbp_anonymous_reply_count":0,"_bbp_topic_count_hidden":0,"_bbp_reply_count_hidden":0,"_bbp_forum_subforum_count":0,"footnotes":""},"categories":[15],"tags":[],"class_list":["post-12117","post","type-post","status-publish","format-standard","hentry","category-6e"],"post_mailing_queue_ids":[],"_links":{"self":[{"href":"https:\/\/agora.xtec.cat\/ceipvistaalegre\/wp-json\/wp\/v2\/posts\/12117","targetHints":{"allow":["GET"]}}],"collection":[{"href":"https:\/\/agora.xtec.cat\/ceipvistaalegre\/wp-json\/wp\/v2\/posts"}],"about":[{"href":"https:\/\/agora.xtec.cat\/ceipvistaalegre\/wp-json\/wp\/v2\/types\/post"}],"author":[{"embeddable":true,"href":"https:\/\/agora.xtec.cat\/ceipvistaalegre\/wp-json\/wp\/v2\/users\/18"}],"replies":[{"embeddable":true,"href":"https:\/\/agora.xtec.cat\/ceipvistaalegre\/wp-json\/wp\/v2\/comments?post=12117"}],"version-history":[{"count":1,"href":"https:\/\/agora.xtec.cat\/ceipvistaalegre\/wp-json\/wp\/v2\/posts\/12117\/revisions"}],"predecessor-version":[{"id":12119,"href":"https:\/\/agora.xtec.cat\/ceipvistaalegre\/wp-json\/wp\/v2\/posts\/12117\/revisions\/12119"}],"wp:attachment":[{"href":"https:\/\/agora.xtec.cat\/ceipvistaalegre\/wp-json\/wp\/v2\/media?parent=12117"}],"wp:term":[{"taxonomy":"category","embeddable":true,"href":"https:\/\/agora.xtec.cat\/ceipvistaalegre\/wp-json\/wp\/v2\/categories?post=12117"},{"taxonomy":"post_tag","embeddable":true,"href":"https:\/\/agora.xtec.cat\/ceipvistaalegre\/wp-json\/wp\/v2\/tags?post=12117"}],"curies":[{"name":"wp","href":"https:\/\/api.w.org\/{rel}","templated":true}]}}