{"id":12108,"date":"2026-01-22T17:52:55","date_gmt":"2026-01-22T16:52:55","guid":{"rendered":"https:\/\/agora.xtec.cat\/ceipvistaalegre\/?p=12108"},"modified":"2026-01-22T17:53:50","modified_gmt":"2026-01-22T16:53:50","slug":"visita-a-la-biblioteca-antoni-comas-2","status":"publish","type":"post","link":"https:\/\/agora.xtec.cat\/ceipvistaalegre\/general\/visita-a-la-biblioteca-antoni-comas-2\/","title":{"rendered":"Visita a la biblioteca Antoni Comas"},"content":{"rendered":"<p>Aquest dimecres al mat\u00ed l\u2019alumnat de 5\u00e8 vam anar a la Biblioteca Antoni Comas, on ens van explicar com \u00e9s l\u2019edifici, la seva hist\u00f2ria i que \u00e9s un edifici modernista. Durant la visita vam fer tres activitats sobre el modernisme. Tamb\u00e9vam agafar llibres en pr\u00e9stec per continuar llegint a classe.<\/p>\n<p>Va ser una sortida molt interessant i enriquidora, on vam aprendre moltes coses sobre el modernisme i el funcionament de la biblioteca.<\/p>\n<p><a href=\"https:\/\/agora.xtec.cat\/ceipvistaalegre\/wp-content\/uploads\/usu1936\/2026\/01\/PXL_20260121_083558421.MP_-scaled.jpg\"><img loading=\"lazy\" decoding=\"async\" class=\"wp-image-12110 alignleft\" src=\"https:\/\/agora.xtec.cat\/ceipvistaalegre\/wp-content\/uploads\/usu1936\/2026\/01\/PXL_20260121_083558421.MP_-771x1024.jpg\" alt=\"\" width=\"227\" height=\"302\" srcset=\"https:\/\/agora.xtec.cat\/ceipvistaalegre\/wp-content\/uploads\/usu1936\/2026\/01\/PXL_20260121_083558421.MP_-771x1024.jpg 771w, https:\/\/agora.xtec.cat\/ceipvistaalegre\/wp-content\/uploads\/usu1936\/2026\/01\/PXL_20260121_083558421.MP_-226x300.jpg 226w, https:\/\/agora.xtec.cat\/ceipvistaalegre\/wp-content\/uploads\/usu1936\/2026\/01\/PXL_20260121_083558421.MP_-768x1020.jpg 768w, https:\/\/agora.xtec.cat\/ceipvistaalegre\/wp-content\/uploads\/usu1936\/2026\/01\/PXL_20260121_083558421.MP_-1157x1536.jpg 1157w, https:\/\/agora.xtec.cat\/ceipvistaalegre\/wp-content\/uploads\/usu1936\/2026\/01\/PXL_20260121_083558421.MP_-1542x2048.jpg 1542w, https:\/\/agora.xtec.cat\/ceipvistaalegre\/wp-content\/uploads\/usu1936\/2026\/01\/PXL_20260121_083558421.MP_-scaled.jpg 1928w\" sizes=\"auto, (max-width: 227px) 100vw, 227px\" \/><\/a> <a href=\"https:\/\/agora.xtec.cat\/ceipvistaalegre\/wp-content\/uploads\/usu1936\/2026\/01\/PXL_20260121_085607456.MP-2-scaled.jpg\"><img loading=\"lazy\" decoding=\"async\" class=\"wp-image-12091 alignleft\" src=\"https:\/\/agora.xtec.cat\/ceipvistaalegre\/wp-content\/uploads\/usu1936\/2026\/01\/PXL_20260121_085607456.MP-2-771x1024.jpg\" alt=\"\" width=\"223\" height=\"296\" srcset=\"https:\/\/agora.xtec.cat\/ceipvistaalegre\/wp-content\/uploads\/usu1936\/2026\/01\/PXL_20260121_085607456.MP-2-771x1024.jpg 771w, https:\/\/agora.xtec.cat\/ceipvistaalegre\/wp-content\/uploads\/usu1936\/2026\/01\/PXL_20260121_085607456.MP-2-226x300.jpg 226w, https:\/\/agora.xtec.cat\/ceipvistaalegre\/wp-content\/uploads\/usu1936\/2026\/01\/PXL_20260121_085607456.MP-2-768x1020.jpg 768w, https:\/\/agora.xtec.cat\/ceipvistaalegre\/wp-content\/uploads\/usu1936\/2026\/01\/PXL_20260121_085607456.MP-2-1157x1536.jpg 1157w, https:\/\/agora.xtec.cat\/ceipvistaalegre\/wp-content\/uploads\/usu1936\/2026\/01\/PXL_20260121_085607456.MP-2-1542x2048.jpg 1542w, https:\/\/agora.xtec.cat\/ceipvistaalegre\/wp-content\/uploads\/usu1936\/2026\/01\/PXL_20260121_085607456.MP-2-scaled.jpg 1928w\" sizes=\"auto, (max-width: 223px) 100vw, 223px\" \/><\/a><a href=\"https:\/\/agora.xtec.cat\/ceipvistaalegre\/wp-content\/uploads\/usu1936\/2026\/01\/PXL_20260121_090015757.MP_-scaled.jpg\"><img loading=\"lazy\" decoding=\"async\" class=\"wp-image-12109 alignleft\" src=\"https:\/\/agora.xtec.cat\/ceipvistaalegre\/wp-content\/uploads\/usu1936\/2026\/01\/PXL_20260121_090015757.MP_-771x1024.jpg\" alt=\"\" width=\"221\" height=\"293\" srcset=\"https:\/\/agora.xtec.cat\/ceipvistaalegre\/wp-content\/uploads\/usu1936\/2026\/01\/PXL_20260121_090015757.MP_-771x1024.jpg 771w, https:\/\/agora.xtec.cat\/ceipvistaalegre\/wp-content\/uploads\/usu1936\/2026\/01\/PXL_20260121_090015757.MP_-226x300.jpg 226w, https:\/\/agora.xtec.cat\/ceipvistaalegre\/wp-content\/uploads\/usu1936\/2026\/01\/PXL_20260121_090015757.MP_-768x1020.jpg 768w, https:\/\/agora.xtec.cat\/ceipvistaalegre\/wp-content\/uploads\/usu1936\/2026\/01\/PXL_20260121_090015757.MP_-1157x1536.jpg 1157w, https:\/\/agora.xtec.cat\/ceipvistaalegre\/wp-content\/uploads\/usu1936\/2026\/01\/PXL_20260121_090015757.MP_-1542x2048.jpg 1542w, https:\/\/agora.xtec.cat\/ceipvistaalegre\/wp-content\/uploads\/usu1936\/2026\/01\/PXL_20260121_090015757.MP_-scaled.jpg 1928w\" sizes=\"auto, (max-width: 221px) 100vw, 221px\" \/><\/a><\/p>\n<p>&nbsp;<\/p>\n<p>&nbsp;<\/p>\n","protected":false},"excerpt":{"rendered":"<p>Aquest dimecres al mat\u00ed l\u2019alumnat de 5\u00e8 vam anar a la Biblioteca Antoni Comas, on ens van explicar com \u00e9s l\u2019edifici, la seva hist\u00f2ria i que \u00e9s un edifici modernista. Durant la visita vam fer tres activitats sobre el modernisme. Tamb\u00e9vam agafar llibres en pr\u00e9stec&hellip;  <a href=\"https:\/\/agora.xtec.cat\/ceipvistaalegre\/general\/visita-a-la-biblioteca-antoni-comas-2\/\" title=\"Read Visita a la biblioteca Antoni Comas\">Llegeix m\u00e9s\u00bb<\/a><\/p>\n","protected":false},"author":41,"featured_media":0,"comment_status":"open","ping_status":"open","sticky":false,"template":"","format":"standard","meta":{"_bbp_topic_count":0,"_bbp_reply_count":0,"_bbp_total_topic_count":0,"_bbp_total_reply_count":0,"_bbp_voice_count":0,"_bbp_anonymous_reply_count":0,"_bbp_topic_count_hidden":0,"_bbp_reply_count_hidden":0,"_bbp_forum_subforum_count":0,"footnotes":""},"categories":[14,1,5],"tags":[],"class_list":["post-12108","post","type-post","status-publish","format-standard","hentry","category-5e","category-general","category-primaria"],"post_mailing_queue_ids":[],"_links":{"self":[{"href":"https:\/\/agora.xtec.cat\/ceipvistaalegre\/wp-json\/wp\/v2\/posts\/12108","targetHints":{"allow":["GET"]}}],"collection":[{"href":"https:\/\/agora.xtec.cat\/ceipvistaalegre\/wp-json\/wp\/v2\/posts"}],"about":[{"href":"https:\/\/agora.xtec.cat\/ceipvistaalegre\/wp-json\/wp\/v2\/types\/post"}],"author":[{"embeddable":true,"href":"https:\/\/agora.xtec.cat\/ceipvistaalegre\/wp-json\/wp\/v2\/users\/41"}],"replies":[{"embeddable":true,"href":"https:\/\/agora.xtec.cat\/ceipvistaalegre\/wp-json\/wp\/v2\/comments?post=12108"}],"version-history":[{"count":2,"href":"https:\/\/agora.xtec.cat\/ceipvistaalegre\/wp-json\/wp\/v2\/posts\/12108\/revisions"}],"predecessor-version":[{"id":12112,"href":"https:\/\/agora.xtec.cat\/ceipvistaalegre\/wp-json\/wp\/v2\/posts\/12108\/revisions\/12112"}],"wp:attachment":[{"href":"https:\/\/agora.xtec.cat\/ceipvistaalegre\/wp-json\/wp\/v2\/media?parent=12108"}],"wp:term":[{"taxonomy":"category","embeddable":true,"href":"https:\/\/agora.xtec.cat\/ceipvistaalegre\/wp-json\/wp\/v2\/categories?post=12108"},{"taxonomy":"post_tag","embeddable":true,"href":"https:\/\/agora.xtec.cat\/ceipvistaalegre\/wp-json\/wp\/v2\/tags?post=12108"}],"curies":[{"name":"wp","href":"https:\/\/api.w.org\/{rel}","templated":true}]}}