{"id":12088,"date":"2026-01-21T08:22:40","date_gmt":"2026-01-21T07:22:40","guid":{"rendered":"https:\/\/agora.xtec.cat\/ceipvistaalegre\/?p=12088"},"modified":"2026-02-01T20:50:09","modified_gmt":"2026-02-01T19:50:09","slug":"espais-a-educacio-infantil","status":"publish","type":"post","link":"https:\/\/agora.xtec.cat\/ceipvistaalegre\/infantil\/infantil-3-anys\/espais-a-educacio-infantil\/","title":{"rendered":"ESPAIS A EDUCACI\u00d3 INFANTIL"},"content":{"rendered":"<p><a href=\"https:\/\/agora.xtec.cat\/ceipvistaalegre\/wp-content\/uploads\/usu1936\/2026\/01\/InShot_20260120_201856995-1.jpg\"><img loading=\"lazy\" decoding=\"async\" class=\"alignnone size-large wp-image-12089\" src=\"https:\/\/agora.xtec.cat\/ceipvistaalegre\/wp-content\/uploads\/usu1936\/2026\/01\/InShot_20260120_201856995-1-1024x1024.jpg\" alt=\"\" width=\"1024\" height=\"1024\" srcset=\"https:\/\/agora.xtec.cat\/ceipvistaalegre\/wp-content\/uploads\/usu1936\/2026\/01\/InShot_20260120_201856995-1-1024x1024.jpg 1024w, https:\/\/agora.xtec.cat\/ceipvistaalegre\/wp-content\/uploads\/usu1936\/2026\/01\/InShot_20260120_201856995-1-300x300.jpg 300w, https:\/\/agora.xtec.cat\/ceipvistaalegre\/wp-content\/uploads\/usu1936\/2026\/01\/InShot_20260120_201856995-1-150x150.jpg 150w, https:\/\/agora.xtec.cat\/ceipvistaalegre\/wp-content\/uploads\/usu1936\/2026\/01\/InShot_20260120_201856995-1-768x768.jpg 768w, https:\/\/agora.xtec.cat\/ceipvistaalegre\/wp-content\/uploads\/usu1936\/2026\/01\/InShot_20260120_201856995-1-1536x1536.jpg 1536w, https:\/\/agora.xtec.cat\/ceipvistaalegre\/wp-content\/uploads\/usu1936\/2026\/01\/InShot_20260120_201856995-1.jpg 1920w\" sizes=\"auto, (max-width: 1024px) 100vw, 1024px\" \/><\/a><\/p>\n<p><span style=\"font-family: inherit; font-size: 1em;\">Els nens i nenes d&#8217;Educaci\u00f3 infantil fan Espais d&#8217;aprenentatge cada dimecres i divendres a la tarda. Es tracta entorns pensats per l&#8217;equip docent amb una intencionalitat pedag\u00f2gica, oferint propostes diverses que responen als diferents ritmes i interessos dels infants. L&#8217;alumne \u00e9s el protagonista del seu propi proc\u00e9s d&#8217;aprenentatge a trav\u00e9s de l&#8217;exploraci\u00f3 i la interacci\u00f3. La mestra observa, guia i proporciona els materials adients. En aquests espais, es fomenta l&#8217;autonomia i la descoberta a trav\u00e9s del joc. Les quatre propostes s\u00f3n:<\/span><\/p>\n<div class=\"Fsg96\" data-sfc-cp=\"\" data-complete=\"true\" data-processed=\"true\">\n<ul>\n<li>Espai de construccions<\/li>\n<li>Espai de llum i ombra<\/li>\n<li>Espai sensorial<\/li>\n<li>Espai de ci\u00e8ncies 3\/6<\/li>\n<\/ul>\n<p>GAUDIM I COMPARTIM ESPAIS!!<\/p>\n<\/div>\n","protected":false},"excerpt":{"rendered":"<p><a href=\"https:\/\/agora.xtec.cat\/ceipvistaalegre\/wp-content\/uploads\/usu1936\/2026\/01\/InShot_20260120_201856995-1.jpg\"><\/a><br \/>\nEls nens i nenes d&#8217;Educaci\u00f3 infantil fan Espais d&#8217;aprenentatge cada dimecres i divendres a la tarda. Es tracta entorns pensats per l&#8217;equip docent amb una intencionalitat pedag\u00f2gica, oferint propostes diverses que responen als diferents ritmes i interessos dels infants. L&#8217;alumne \u00e9s el protagonista del&hellip;  <a href=\"https:\/\/agora.xtec.cat\/ceipvistaalegre\/infantil\/infantil-3-anys\/espais-a-educacio-infantil\/\" title=\"Read ESPAIS A EDUCACI\u00d3 INFANTIL\">Llegeix m\u00e9s\u00bb<\/a><\/p>\n","protected":false},"author":25,"featured_media":0,"comment_status":"open","ping_status":"open","sticky":false,"template":"","format":"standard","meta":{"_bbp_topic_count":0,"_bbp_reply_count":0,"_bbp_total_topic_count":0,"_bbp_total_reply_count":0,"_bbp_voice_count":0,"_bbp_anonymous_reply_count":0,"_bbp_topic_count_hidden":0,"_bbp_reply_count_hidden":0,"_bbp_forum_subforum_count":0,"footnotes":""},"categories":[3,8,225],"tags":[391,305],"class_list":["post-12088","post","type-post","status-publish","format-standard","hentry","category-infantil-3-anys","category-infantil-4-anys","category-infantil-5-anys","tag-espais-daprenentatge","tag-internivell"],"post_mailing_queue_ids":[],"_links":{"self":[{"href":"https:\/\/agora.xtec.cat\/ceipvistaalegre\/wp-json\/wp\/v2\/posts\/12088","targetHints":{"allow":["GET"]}}],"collection":[{"href":"https:\/\/agora.xtec.cat\/ceipvistaalegre\/wp-json\/wp\/v2\/posts"}],"about":[{"href":"https:\/\/agora.xtec.cat\/ceipvistaalegre\/wp-json\/wp\/v2\/types\/post"}],"author":[{"embeddable":true,"href":"https:\/\/agora.xtec.cat\/ceipvistaalegre\/wp-json\/wp\/v2\/users\/25"}],"replies":[{"embeddable":true,"href":"https:\/\/agora.xtec.cat\/ceipvistaalegre\/wp-json\/wp\/v2\/comments?post=12088"}],"version-history":[{"count":3,"href":"https:\/\/agora.xtec.cat\/ceipvistaalegre\/wp-json\/wp\/v2\/posts\/12088\/revisions"}],"predecessor-version":[{"id":12190,"href":"https:\/\/agora.xtec.cat\/ceipvistaalegre\/wp-json\/wp\/v2\/posts\/12088\/revisions\/12190"}],"wp:attachment":[{"href":"https:\/\/agora.xtec.cat\/ceipvistaalegre\/wp-json\/wp\/v2\/media?parent=12088"}],"wp:term":[{"taxonomy":"category","embeddable":true,"href":"https:\/\/agora.xtec.cat\/ceipvistaalegre\/wp-json\/wp\/v2\/categories?post=12088"},{"taxonomy":"post_tag","embeddable":true,"href":"https:\/\/agora.xtec.cat\/ceipvistaalegre\/wp-json\/wp\/v2\/tags?post=12088"}],"curies":[{"name":"wp","href":"https:\/\/api.w.org\/{rel}","templated":true}]}}