{"id":12037,"date":"2026-01-14T18:57:30","date_gmt":"2026-01-14T17:57:30","guid":{"rendered":"https:\/\/agora.xtec.cat\/ceipvistaalegre\/?p=12037"},"modified":"2026-01-14T18:57:30","modified_gmt":"2026-01-14T17:57:30","slug":"arriba-lhivern","status":"publish","type":"post","link":"https:\/\/agora.xtec.cat\/ceipvistaalegre\/infantil\/infantil-5-anys\/arriba-lhivern\/","title":{"rendered":"Arriba l&#8217;hivern."},"content":{"rendered":"<p><a href=\"https:\/\/agora.xtec.cat\/ceipvistaalegre\/infantil\/infantil-5-anys\/arriba-lhivern\/attachment\/img_0356\/\" rel=\"attachment wp-att-12038\"><img loading=\"lazy\" decoding=\"async\" class=\"aligncenter size-full wp-image-12038\" src=\"https:\/\/agora.xtec.cat\/ceipvistaalegre\/wp-content\/uploads\/usu1936\/2026\/01\/IMG_0356-scaled.jpeg\" alt=\"\" width=\"2560\" height=\"2560\" srcset=\"https:\/\/agora.xtec.cat\/ceipvistaalegre\/wp-content\/uploads\/usu1936\/2026\/01\/IMG_0356-scaled.jpeg 2560w, https:\/\/agora.xtec.cat\/ceipvistaalegre\/wp-content\/uploads\/usu1936\/2026\/01\/IMG_0356-300x300.jpeg 300w, https:\/\/agora.xtec.cat\/ceipvistaalegre\/wp-content\/uploads\/usu1936\/2026\/01\/IMG_0356-1024x1024.jpeg 1024w, https:\/\/agora.xtec.cat\/ceipvistaalegre\/wp-content\/uploads\/usu1936\/2026\/01\/IMG_0356-150x150.jpeg 150w, https:\/\/agora.xtec.cat\/ceipvistaalegre\/wp-content\/uploads\/usu1936\/2026\/01\/IMG_0356-768x768.jpeg 768w, https:\/\/agora.xtec.cat\/ceipvistaalegre\/wp-content\/uploads\/usu1936\/2026\/01\/IMG_0356-1536x1536.jpeg 1536w, https:\/\/agora.xtec.cat\/ceipvistaalegre\/wp-content\/uploads\/usu1936\/2026\/01\/IMG_0356-2048x2048.jpeg 2048w\" sizes=\"auto, (max-width: 2560px) 100vw, 2560px\" \/><\/a><\/p>\n<p>Fa uns dies ens va arribar el nin de l&#8217;hivern juntament amb diferents elements i contes que ens anunciava que \u00e9rem a l&#8217;hivern. Aquesta setmana ja hem comen\u00e7at els racons d&#8217;aprenentatge.<\/p>\n<ul>\n<li>Consci\u00e8ncia fonol\u00f2gica i principi alfab\u00e8tic: comptar s\u00edl.labes, trobar el fonema inicial, confegir i recon\u00e8ixer les grafies.<\/li>\n<li>Veig, veig numeraci\u00f3: comptatge, grafia i atenci\u00f3.<\/li>\n<li>Joc de l&#8217;oca d&#8217;hivern.<\/li>\n<li>Grafisme dels nombres i comptatge.<\/li>\n<li>Collage de flocs de neu.<\/li>\n<li>Safata sensorial d&#8217;animals del fred.<\/li>\n<li>Mini m\u00f3n del bosc a l&#8217;hivern.<\/li>\n<\/ul>\n<p>&nbsp;<\/p>\n","protected":false},"excerpt":{"rendered":"<p><a href=\"https:\/\/agora.xtec.cat\/ceipvistaalegre\/infantil\/infantil-5-anys\/arriba-lhivern\/attachment\/img_0356\/\" rel=\"attachment wp-att-12038\"><\/a><br \/>\nFa uns dies ens va arribar el nin de l&#8217;hivern juntament amb diferents elements i contes que ens anunciava que \u00e9rem a l&#8217;hivern. Aquesta setmana ja hem comen\u00e7at els racons d&#8217;aprenentatge.<\/p>\n<ul>\n<li>Consci\u00e8ncia fonol\u00f2gica i principi alfab\u00e8tic: comptar s\u00edl.labes, trobar el fonema inicial, confegir&hellip;  <a href=\"https:\/\/agora.xtec.cat\/ceipvistaalegre\/infantil\/infantil-5-anys\/arriba-lhivern\/\" title=\"Read Arriba l&#8217;hivern.\">Llegeix m\u00e9s\u00bb<\/a><br \/>\n","protected":false},"author":4,"featured_media":0,"comment_status":"open","ping_status":"open","sticky":false,"template":"","format":"standard","meta":{"_bbp_topic_count":0,"_bbp_reply_count":0,"_bbp_total_topic_count":0,"_bbp_total_reply_count":0,"_bbp_voice_count":0,"_bbp_anonymous_reply_count":0,"_bbp_topic_count_hidden":0,"_bbp_reply_count_hidden":0,"_bbp_forum_subforum_count":0,"footnotes":""},"categories":[225],"tags":[318,358,232],"class_list":["post-12037","post","type-post","status-publish","format-standard","hentry","category-infantil-5-anys","tag-descoberta-de-lentorn","tag-racons-daprenentatge","tag-racons-hivern"],"post_mailing_queue_ids":[],"_links":{"self":[{"href":"https:\/\/agora.xtec.cat\/ceipvistaalegre\/wp-json\/wp\/v2\/posts\/12037","targetHints":{"allow":["GET"]}}],"collection":[{"href":"https:\/\/agora.xtec.cat\/ceipvistaalegre\/wp-json\/wp\/v2\/posts"}],"about":[{"href":"https:\/\/agora.xtec.cat\/ceipvistaalegre\/wp-json\/wp\/v2\/types\/post"}],"author":[{"embeddable":true,"href":"https:\/\/agora.xtec.cat\/ceipvistaalegre\/wp-json\/wp\/v2\/users\/4"}],"replies":[{"embeddable":true,"href":"https:\/\/agora.xtec.cat\/ceipvistaalegre\/wp-json\/wp\/v2\/comments?post=12037"}],"version-history":[{"count":2,"href":"https:\/\/agora.xtec.cat\/ceipvistaalegre\/wp-json\/wp\/v2\/posts\/12037\/revisions"}],"predecessor-version":[{"id":12040,"href":"https:\/\/agora.xtec.cat\/ceipvistaalegre\/wp-json\/wp\/v2\/posts\/12037\/revisions\/12040"}],"wp:attachment":[{"href":"https:\/\/agora.xtec.cat\/ceipvistaalegre\/wp-json\/wp\/v2\/media?parent=12037"}],"wp:term":[{"taxonomy":"category","embeddable":true,"href":"https:\/\/agora.xtec.cat\/ceipvistaalegre\/wp-json\/wp\/v2\/categories?post=12037"},{"taxonomy":"post_tag","embeddable":true,"href":"https:\/\/agora.xtec.cat\/ceipvistaalegre\/wp-json\/wp\/v2\/tags?post=12037"}],"curies":[{"name":"wp","href":"https:\/\/api.w.org\/{rel}","templated":true}]}}