{"id":12032,"date":"2026-01-10T18:40:32","date_gmt":"2026-01-10T17:40:32","guid":{"rendered":"https:\/\/agora.xtec.cat\/ceipvistaalegre\/?p=12032"},"modified":"2026-01-10T18:40:32","modified_gmt":"2026-01-10T17:40:32","slug":"comencem-compartint-2","status":"publish","type":"post","link":"https:\/\/agora.xtec.cat\/ceipvistaalegre\/infantil\/infantil-3-anys\/comencem-compartint-2\/","title":{"rendered":"COMENCEM COMPARTINT"},"content":{"rendered":"<p>BON ANY I BON SEGON TRIMESTRE!<\/p>\n<p>Els nens i nenes d&#8217;I3, comencen aquest trimestre compartint les joguines que li han portat els Reis Mags. Primer cadasc\u00fa ha explicat el que ha portat, despr\u00e9s hem pogut gaudir d&#8217;una bona sessi\u00f3 de joc compartit. Hem passat una tarda molt especial, comen\u00e7ant per cedir i posar-se en el lloc de l&#8217;altre, esperar el seu torn, deixar de banda l&#8217;egocentrisme i resoldre els petits conflictes que s\u00f3n naturals en aquests moments. Aix\u00ed, hem tret un munt d&#8217;aprenentatges d&#8217;aquesta sessi\u00f3 l\u00fadica. Mireu que b\u00e9 que ens ho hem passat&#8230;<\/p>\n<p><a href=\"https:\/\/agora.xtec.cat\/ceipvistaalegre\/wp-content\/uploads\/usu1936\/2026\/01\/IMG_20260109_223927-1-scaled.jpg\"><img loading=\"lazy\" decoding=\"async\" class=\"alignnone size-large wp-image-12033\" src=\"https:\/\/agora.xtec.cat\/ceipvistaalegre\/wp-content\/uploads\/usu1936\/2026\/01\/IMG_20260109_223927-1-768x1024.jpg\" alt=\"\" width=\"768\" height=\"1024\" srcset=\"https:\/\/agora.xtec.cat\/ceipvistaalegre\/wp-content\/uploads\/usu1936\/2026\/01\/IMG_20260109_223927-1-768x1024.jpg 768w, https:\/\/agora.xtec.cat\/ceipvistaalegre\/wp-content\/uploads\/usu1936\/2026\/01\/IMG_20260109_223927-1-225x300.jpg 225w, https:\/\/agora.xtec.cat\/ceipvistaalegre\/wp-content\/uploads\/usu1936\/2026\/01\/IMG_20260109_223927-1-1152x1536.jpg 1152w, https:\/\/agora.xtec.cat\/ceipvistaalegre\/wp-content\/uploads\/usu1936\/2026\/01\/IMG_20260109_223927-1-1536x2048.jpg 1536w, https:\/\/agora.xtec.cat\/ceipvistaalegre\/wp-content\/uploads\/usu1936\/2026\/01\/IMG_20260109_223927-1-scaled.jpg 1920w\" sizes=\"auto, (max-width: 768px) 100vw, 768px\" \/><\/a><\/p>\n<p>&nbsp;<\/p>\n","protected":false},"excerpt":{"rendered":"<p>BON ANY I BON SEGON TRIMESTRE!<br \/>\nEls nens i nenes d&#8217;I3, comencen aquest trimestre compartint les joguines que li han portat els Reis Mags. Primer cadasc\u00fa ha explicat el que ha portat, despr\u00e9s hem pogut gaudir d&#8217;una bona sessi\u00f3 de joc compartit. Hem passat una tarda&hellip;  <a href=\"https:\/\/agora.xtec.cat\/ceipvistaalegre\/infantil\/infantil-3-anys\/comencem-compartint-2\/\" title=\"Read COMENCEM COMPARTINT\">Llegeix m\u00e9s\u00bb<\/a><\/p>\n","protected":false},"author":25,"featured_media":0,"comment_status":"open","ping_status":"open","sticky":false,"template":"","format":"standard","meta":{"_bbp_topic_count":0,"_bbp_reply_count":0,"_bbp_total_topic_count":0,"_bbp_total_reply_count":0,"_bbp_voice_count":0,"_bbp_anonymous_reply_count":0,"_bbp_topic_count_hidden":0,"_bbp_reply_count_hidden":0,"_bbp_forum_subforum_count":0,"footnotes":""},"categories":[3],"tags":[],"class_list":["post-12032","post","type-post","status-publish","format-standard","hentry","category-infantil-3-anys"],"post_mailing_queue_ids":[],"_links":{"self":[{"href":"https:\/\/agora.xtec.cat\/ceipvistaalegre\/wp-json\/wp\/v2\/posts\/12032","targetHints":{"allow":["GET"]}}],"collection":[{"href":"https:\/\/agora.xtec.cat\/ceipvistaalegre\/wp-json\/wp\/v2\/posts"}],"about":[{"href":"https:\/\/agora.xtec.cat\/ceipvistaalegre\/wp-json\/wp\/v2\/types\/post"}],"author":[{"embeddable":true,"href":"https:\/\/agora.xtec.cat\/ceipvistaalegre\/wp-json\/wp\/v2\/users\/25"}],"replies":[{"embeddable":true,"href":"https:\/\/agora.xtec.cat\/ceipvistaalegre\/wp-json\/wp\/v2\/comments?post=12032"}],"version-history":[{"count":1,"href":"https:\/\/agora.xtec.cat\/ceipvistaalegre\/wp-json\/wp\/v2\/posts\/12032\/revisions"}],"predecessor-version":[{"id":12034,"href":"https:\/\/agora.xtec.cat\/ceipvistaalegre\/wp-json\/wp\/v2\/posts\/12032\/revisions\/12034"}],"wp:attachment":[{"href":"https:\/\/agora.xtec.cat\/ceipvistaalegre\/wp-json\/wp\/v2\/media?parent=12032"}],"wp:term":[{"taxonomy":"category","embeddable":true,"href":"https:\/\/agora.xtec.cat\/ceipvistaalegre\/wp-json\/wp\/v2\/categories?post=12032"},{"taxonomy":"post_tag","embeddable":true,"href":"https:\/\/agora.xtec.cat\/ceipvistaalegre\/wp-json\/wp\/v2\/tags?post=12032"}],"curies":[{"name":"wp","href":"https:\/\/api.w.org\/{rel}","templated":true}]}}