{"id":12029,"date":"2026-01-09T17:56:23","date_gmt":"2026-01-09T16:56:23","guid":{"rendered":"https:\/\/agora.xtec.cat\/ceipvistaalegre\/?p=12029"},"modified":"2026-01-09T17:56:23","modified_gmt":"2026-01-09T16:56:23","slug":"recollida-despinacs","status":"publish","type":"post","link":"https:\/\/agora.xtec.cat\/ceipvistaalegre\/primaria\/6e\/recollida-despinacs\/","title":{"rendered":"Recollida d&#8217;espinacs"},"content":{"rendered":"<p>Durant el primer trimestre del curs, els alumnes de sis\u00e8 juntament amb els de tercer vam plantar espinacs a l&#8217;hort de l&#8217;escola. Primer es va preparar la terra, traient pedres, i males herbes, i despr\u00e9s es va fer la plantada. Cada setmana reg\u00e0vem els planters i observ\u00e0vem com, a poc a poc, anaven creixent les fulles verdes.<\/p>\n<p>Amb el pas dels mesos, els espinacs van cr\u00e9ixer forts i sans gr\u00e0cies a l&#8217;esfor\u00e7 i la const\u00e0ncia de tothom. Al segon trimestre, s&#8217;ha vist que tenen una bona mida, ha arribat el moment m\u00e9s esperat: la recollida.<\/p>\n<p>Ha estat una experi\u00e8ncia molt enriquidora que recordaran amb orgull.<\/p>\n<p><img loading=\"lazy\" decoding=\"async\" class=\"alignnone  wp-image-12030\" src=\"https:\/\/agora.xtec.cat\/ceipvistaalegre\/wp-content\/uploads\/usu1936\/2026\/01\/WhatsApp-Image-2025-12-18-at-20.07.02-768x1024.jpeg\" alt=\"\" width=\"315\" height=\"420\" srcset=\"https:\/\/agora.xtec.cat\/ceipvistaalegre\/wp-content\/uploads\/usu1936\/2026\/01\/WhatsApp-Image-2025-12-18-at-20.07.02-768x1024.jpeg 768w, https:\/\/agora.xtec.cat\/ceipvistaalegre\/wp-content\/uploads\/usu1936\/2026\/01\/WhatsApp-Image-2025-12-18-at-20.07.02-225x300.jpeg 225w, https:\/\/agora.xtec.cat\/ceipvistaalegre\/wp-content\/uploads\/usu1936\/2026\/01\/WhatsApp-Image-2025-12-18-at-20.07.02-1152x1536.jpeg 1152w, https:\/\/agora.xtec.cat\/ceipvistaalegre\/wp-content\/uploads\/usu1936\/2026\/01\/WhatsApp-Image-2025-12-18-at-20.07.02.jpeg 1536w\" sizes=\"auto, (max-width: 315px) 100vw, 315px\" \/><\/p>\n","protected":false},"excerpt":{"rendered":"<p>Durant el primer trimestre del curs, els alumnes de sis\u00e8 juntament amb els de tercer vam plantar espinacs a l&#8217;hort de l&#8217;escola. Primer es va preparar la terra, traient pedres, i males herbes, i despr\u00e9s es va fer la plantada. Cada setmana reg\u00e0vem els planters&hellip;  <a href=\"https:\/\/agora.xtec.cat\/ceipvistaalegre\/primaria\/6e\/recollida-despinacs\/\" title=\"Read Recollida d&#8217;espinacs\">Llegeix m\u00e9s\u00bb<\/a><\/p>\n","protected":false},"author":18,"featured_media":0,"comment_status":"open","ping_status":"open","sticky":false,"template":"","format":"standard","meta":{"_bbp_topic_count":0,"_bbp_reply_count":0,"_bbp_total_topic_count":0,"_bbp_total_reply_count":0,"_bbp_voice_count":0,"_bbp_anonymous_reply_count":0,"_bbp_topic_count_hidden":0,"_bbp_reply_count_hidden":0,"_bbp_forum_subforum_count":0,"footnotes":""},"categories":[15],"tags":[],"class_list":["post-12029","post","type-post","status-publish","format-standard","hentry","category-6e"],"post_mailing_queue_ids":[],"_links":{"self":[{"href":"https:\/\/agora.xtec.cat\/ceipvistaalegre\/wp-json\/wp\/v2\/posts\/12029","targetHints":{"allow":["GET"]}}],"collection":[{"href":"https:\/\/agora.xtec.cat\/ceipvistaalegre\/wp-json\/wp\/v2\/posts"}],"about":[{"href":"https:\/\/agora.xtec.cat\/ceipvistaalegre\/wp-json\/wp\/v2\/types\/post"}],"author":[{"embeddable":true,"href":"https:\/\/agora.xtec.cat\/ceipvistaalegre\/wp-json\/wp\/v2\/users\/18"}],"replies":[{"embeddable":true,"href":"https:\/\/agora.xtec.cat\/ceipvistaalegre\/wp-json\/wp\/v2\/comments?post=12029"}],"version-history":[{"count":1,"href":"https:\/\/agora.xtec.cat\/ceipvistaalegre\/wp-json\/wp\/v2\/posts\/12029\/revisions"}],"predecessor-version":[{"id":12031,"href":"https:\/\/agora.xtec.cat\/ceipvistaalegre\/wp-json\/wp\/v2\/posts\/12029\/revisions\/12031"}],"wp:attachment":[{"href":"https:\/\/agora.xtec.cat\/ceipvistaalegre\/wp-json\/wp\/v2\/media?parent=12029"}],"wp:term":[{"taxonomy":"category","embeddable":true,"href":"https:\/\/agora.xtec.cat\/ceipvistaalegre\/wp-json\/wp\/v2\/categories?post=12029"},{"taxonomy":"post_tag","embeddable":true,"href":"https:\/\/agora.xtec.cat\/ceipvistaalegre\/wp-json\/wp\/v2\/tags?post=12029"}],"curies":[{"name":"wp","href":"https:\/\/api.w.org\/{rel}","templated":true}]}}