{"id":11965,"date":"2025-12-12T23:02:07","date_gmt":"2025-12-12T22:02:07","guid":{"rendered":"https:\/\/agora.xtec.cat\/ceipvistaalegre\/?p=11965"},"modified":"2025-12-12T23:02:07","modified_gmt":"2025-12-12T22:02:07","slug":"museu-de-les-matematiques","status":"publish","type":"post","link":"https:\/\/agora.xtec.cat\/ceipvistaalegre\/primaria\/6e\/museu-de-les-matematiques\/","title":{"rendered":"Museu de les Matem\u00e0tiques"},"content":{"rendered":"<p>Els alumnes de sis\u00e8 han fet una sortida al Museu de les Matem\u00e0tiques. S&#8217;ha realitzat el taller &#8220;Experi\u00e8ncies Matem\u00e0tiques&#8221;, un espai on els nombres, les formes i els enigmes s&#8217;han convertit en jocs, reptes i experi\u00e8ncies sorprenents.<\/p>\n<p>En aquest taller interactiu, els nens han pogut manipular objectes, resoldre enigmes i comprovar com la geometria i la simetria estan presents en el nostre dia a dia. Totes les activitats han estat manipulatives, els han perm\u00e8s entendre conceptes matem\u00e0tics d&#8217;una manera divertida i pr\u00e0ctica. S&#8217;ha experimentat amb figures geom\u00e8triques, puzles i construccions que han posat a prova la\u00a0 l\u00f2gica i creativitat. Molts d&#8217;ells han descobert que les matem\u00e0tiques s\u00f3n molt m\u00e9s que operacions: s\u00f3n pensament, enginy i curiositat.<\/p>\n<p>La sortida al Museu ha estat, sens dubte molt enriquidora i plena de sorpreses!<\/p>\n<p><img loading=\"lazy\" decoding=\"async\" class=\"alignnone  wp-image-11966\" src=\"https:\/\/agora.xtec.cat\/ceipvistaalegre\/wp-content\/uploads\/usu1936\/2025\/12\/WhatsApp-Image-2025-12-12-at-22.08.27-1024x768.jpeg\" alt=\"\" width=\"340\" height=\"255\" srcset=\"https:\/\/agora.xtec.cat\/ceipvistaalegre\/wp-content\/uploads\/usu1936\/2025\/12\/WhatsApp-Image-2025-12-12-at-22.08.27-1024x768.jpeg 1024w, https:\/\/agora.xtec.cat\/ceipvistaalegre\/wp-content\/uploads\/usu1936\/2025\/12\/WhatsApp-Image-2025-12-12-at-22.08.27-300x225.jpeg 300w, https:\/\/agora.xtec.cat\/ceipvistaalegre\/wp-content\/uploads\/usu1936\/2025\/12\/WhatsApp-Image-2025-12-12-at-22.08.27-768x576.jpeg 768w, https:\/\/agora.xtec.cat\/ceipvistaalegre\/wp-content\/uploads\/usu1936\/2025\/12\/WhatsApp-Image-2025-12-12-at-22.08.27-1536x1152.jpeg 1536w, https:\/\/agora.xtec.cat\/ceipvistaalegre\/wp-content\/uploads\/usu1936\/2025\/12\/WhatsApp-Image-2025-12-12-at-22.08.27-200x150.jpeg 200w, https:\/\/agora.xtec.cat\/ceipvistaalegre\/wp-content\/uploads\/usu1936\/2025\/12\/WhatsApp-Image-2025-12-12-at-22.08.27.jpeg 2048w\" sizes=\"auto, (max-width: 340px) 100vw, 340px\" \/><\/p>\n<p>&nbsp;<\/p>\n<p>&nbsp;<\/p>\n","protected":false},"excerpt":{"rendered":"<p>Els alumnes de sis\u00e8 han fet una sortida al Museu de les Matem\u00e0tiques. S&#8217;ha realitzat el taller &#8220;Experi\u00e8ncies Matem\u00e0tiques&#8221;, un espai on els nombres, les formes i els enigmes s&#8217;han convertit en jocs, reptes i experi\u00e8ncies sorprenents.<br \/>\nEn aquest taller interactiu, els nens han pogut manipular&hellip;  <a href=\"https:\/\/agora.xtec.cat\/ceipvistaalegre\/primaria\/6e\/museu-de-les-matematiques\/\" title=\"Read Museu de les Matem\u00e0tiques\">Llegeix m\u00e9s\u00bb<\/a><\/p>\n","protected":false},"author":18,"featured_media":0,"comment_status":"open","ping_status":"open","sticky":false,"template":"","format":"standard","meta":{"_bbp_topic_count":0,"_bbp_reply_count":0,"_bbp_total_topic_count":0,"_bbp_total_reply_count":0,"_bbp_voice_count":0,"_bbp_anonymous_reply_count":0,"_bbp_topic_count_hidden":0,"_bbp_reply_count_hidden":0,"_bbp_forum_subforum_count":0,"footnotes":""},"categories":[15],"tags":[],"class_list":["post-11965","post","type-post","status-publish","format-standard","hentry","category-6e"],"post_mailing_queue_ids":[],"_links":{"self":[{"href":"https:\/\/agora.xtec.cat\/ceipvistaalegre\/wp-json\/wp\/v2\/posts\/11965","targetHints":{"allow":["GET"]}}],"collection":[{"href":"https:\/\/agora.xtec.cat\/ceipvistaalegre\/wp-json\/wp\/v2\/posts"}],"about":[{"href":"https:\/\/agora.xtec.cat\/ceipvistaalegre\/wp-json\/wp\/v2\/types\/post"}],"author":[{"embeddable":true,"href":"https:\/\/agora.xtec.cat\/ceipvistaalegre\/wp-json\/wp\/v2\/users\/18"}],"replies":[{"embeddable":true,"href":"https:\/\/agora.xtec.cat\/ceipvistaalegre\/wp-json\/wp\/v2\/comments?post=11965"}],"version-history":[{"count":1,"href":"https:\/\/agora.xtec.cat\/ceipvistaalegre\/wp-json\/wp\/v2\/posts\/11965\/revisions"}],"predecessor-version":[{"id":11967,"href":"https:\/\/agora.xtec.cat\/ceipvistaalegre\/wp-json\/wp\/v2\/posts\/11965\/revisions\/11967"}],"wp:attachment":[{"href":"https:\/\/agora.xtec.cat\/ceipvistaalegre\/wp-json\/wp\/v2\/media?parent=11965"}],"wp:term":[{"taxonomy":"category","embeddable":true,"href":"https:\/\/agora.xtec.cat\/ceipvistaalegre\/wp-json\/wp\/v2\/categories?post=11965"},{"taxonomy":"post_tag","embeddable":true,"href":"https:\/\/agora.xtec.cat\/ceipvistaalegre\/wp-json\/wp\/v2\/tags?post=11965"}],"curies":[{"name":"wp","href":"https:\/\/api.w.org\/{rel}","templated":true}]}}