{"id":11953,"date":"2025-12-12T08:00:45","date_gmt":"2025-12-12T07:00:45","guid":{"rendered":"https:\/\/agora.xtec.cat\/ceipvistaalegre\/?p=11953"},"modified":"2025-12-11T21:24:15","modified_gmt":"2025-12-11T20:24:15","slug":"racons-de-nadal-2","status":"publish","type":"post","link":"https:\/\/agora.xtec.cat\/ceipvistaalegre\/infantil\/infantil-5-anys\/racons-de-nadal-2\/","title":{"rendered":"Racons de Nadal."},"content":{"rendered":"<p><a href=\"https:\/\/agora.xtec.cat\/ceipvistaalegre\/infantil\/infantil-5-anys\/racons-de-nadal-2\/attachment\/photo-output-23-1\/\" rel=\"attachment wp-att-11954\"><img loading=\"lazy\" decoding=\"async\" class=\"aligncenter size-full wp-image-11954\" src=\"https:\/\/agora.xtec.cat\/ceipvistaalegre\/wp-content\/uploads\/usu1936\/2025\/12\/photo-output-23-1-scaled.jpg\" alt=\"\" width=\"2560\" height=\"2560\" srcset=\"https:\/\/agora.xtec.cat\/ceipvistaalegre\/wp-content\/uploads\/usu1936\/2025\/12\/photo-output-23-1-scaled.jpg 2560w, https:\/\/agora.xtec.cat\/ceipvistaalegre\/wp-content\/uploads\/usu1936\/2025\/12\/photo-output-23-1-300x300.jpg 300w, https:\/\/agora.xtec.cat\/ceipvistaalegre\/wp-content\/uploads\/usu1936\/2025\/12\/photo-output-23-1-1024x1024.jpg 1024w, https:\/\/agora.xtec.cat\/ceipvistaalegre\/wp-content\/uploads\/usu1936\/2025\/12\/photo-output-23-1-150x150.jpg 150w, https:\/\/agora.xtec.cat\/ceipvistaalegre\/wp-content\/uploads\/usu1936\/2025\/12\/photo-output-23-1-768x768.jpg 768w, https:\/\/agora.xtec.cat\/ceipvistaalegre\/wp-content\/uploads\/usu1936\/2025\/12\/photo-output-23-1-1536x1536.jpg 1536w, https:\/\/agora.xtec.cat\/ceipvistaalegre\/wp-content\/uploads\/usu1936\/2025\/12\/photo-output-23-1-2048x2048.jpg 2048w\" sizes=\"auto, (max-width: 2560px) 100vw, 2560px\" \/><\/a><\/p>\n<p>Les nenes i els nens de la classe de les Estrelles de Mar ja estem immersos en el Nadal. Al llarg d&#8217;aquests dies estem aprenent, compartint i gaudint en els racons d&#8217;aprenentatge:<\/p>\n<ul>\n<li><em>R. de consci\u00e8ncia fonol\u00f2gica i llenguatge<\/em>: consci\u00e8ncia sil\u00b7l\u00e0bica, so inicial, escriptura i lectura de paraules.<\/li>\n<li><em>R. matem\u00e0tic i l\u00f2gica<\/em>: comptatge i relaci\u00f3 grafia nombre, atenci\u00f3, grafia dels n\u00fameros.<\/li>\n<li><em>R. art\u00edstic<\/em>: pintura al natural de la pons\u00e8tia, collage, estampaci\u00f3, grafisme&#8230;<\/li>\n<li><em>R. construcci\u00f3 i orientaci\u00f3<\/em>: elements nadalencs amb policubs, relacionar figures i ombres.<\/li>\n<li><em>R. creatiu<\/em>: mandales i mini m\u00f3n.<\/li>\n<li><em>R. literari<\/em>: contes i tradicions de Nadal.<\/li>\n<\/ul>\n<p>&nbsp;<\/p>\n<p>&nbsp;<\/p>\n","protected":false},"excerpt":{"rendered":"<p><a href=\"https:\/\/agora.xtec.cat\/ceipvistaalegre\/infantil\/infantil-5-anys\/racons-de-nadal-2\/attachment\/photo-output-23-1\/\" rel=\"attachment wp-att-11954\"><\/a><br \/>\nLes nenes i els nens de la classe de les Estrelles de Mar ja estem immersos en el Nadal. Al llarg d&#8217;aquests dies estem aprenent, compartint i gaudint en els racons d&#8217;aprenentatge:<\/p>\n<ul>\n<li>R. de consci\u00e8ncia fonol\u00f2gica i llenguatge: consci\u00e8ncia sil\u00b7l\u00e0bica, so inicial, escriptura&hellip;  <a href=\"https:\/\/agora.xtec.cat\/ceipvistaalegre\/infantil\/infantil-5-anys\/racons-de-nadal-2\/\" title=\"Read Racons de Nadal.\">Llegeix m\u00e9s\u00bb<\/a><br \/>\n","protected":false},"author":4,"featured_media":0,"comment_status":"open","ping_status":"open","sticky":false,"template":"","format":"standard","meta":{"_bbp_topic_count":0,"_bbp_reply_count":0,"_bbp_total_topic_count":0,"_bbp_total_reply_count":0,"_bbp_voice_count":0,"_bbp_anonymous_reply_count":0,"_bbp_topic_count_hidden":0,"_bbp_reply_count_hidden":0,"_bbp_forum_subforum_count":0,"footnotes":""},"categories":[225],"tags":[367,318,355,257,295],"class_list":["post-11953","post","type-post","status-publish","format-standard","hentry","category-infantil-5-anys","tag-comunicacio-i-llenguatges","tag-descoberta-de-lentorn","tag-festes-i-tradicions","tag-nadal","tag-tio"],"post_mailing_queue_ids":[],"_links":{"self":[{"href":"https:\/\/agora.xtec.cat\/ceipvistaalegre\/wp-json\/wp\/v2\/posts\/11953","targetHints":{"allow":["GET"]}}],"collection":[{"href":"https:\/\/agora.xtec.cat\/ceipvistaalegre\/wp-json\/wp\/v2\/posts"}],"about":[{"href":"https:\/\/agora.xtec.cat\/ceipvistaalegre\/wp-json\/wp\/v2\/types\/post"}],"author":[{"embeddable":true,"href":"https:\/\/agora.xtec.cat\/ceipvistaalegre\/wp-json\/wp\/v2\/users\/4"}],"replies":[{"embeddable":true,"href":"https:\/\/agora.xtec.cat\/ceipvistaalegre\/wp-json\/wp\/v2\/comments?post=11953"}],"version-history":[{"count":3,"href":"https:\/\/agora.xtec.cat\/ceipvistaalegre\/wp-json\/wp\/v2\/posts\/11953\/revisions"}],"predecessor-version":[{"id":11957,"href":"https:\/\/agora.xtec.cat\/ceipvistaalegre\/wp-json\/wp\/v2\/posts\/11953\/revisions\/11957"}],"wp:attachment":[{"href":"https:\/\/agora.xtec.cat\/ceipvistaalegre\/wp-json\/wp\/v2\/media?parent=11953"}],"wp:term":[{"taxonomy":"category","embeddable":true,"href":"https:\/\/agora.xtec.cat\/ceipvistaalegre\/wp-json\/wp\/v2\/categories?post=11953"},{"taxonomy":"post_tag","embeddable":true,"href":"https:\/\/agora.xtec.cat\/ceipvistaalegre\/wp-json\/wp\/v2\/tags?post=11953"}],"curies":[{"name":"wp","href":"https:\/\/api.w.org\/{rel}","templated":true}]}}