{"id":11913,"date":"2025-12-02T13:08:56","date_gmt":"2025-12-02T12:08:56","guid":{"rendered":"https:\/\/agora.xtec.cat\/ceipvistaalegre\/?p=11913"},"modified":"2025-12-02T13:08:56","modified_gmt":"2025-12-02T12:08:56","slug":"el-comic","status":"publish","type":"post","link":"https:\/\/agora.xtec.cat\/ceipvistaalegre\/primaria\/2n\/el-comic\/","title":{"rendered":"El c\u00f2mic"},"content":{"rendered":"<p>Els infants de segon hem treballat el c\u00f2mic.<\/p>\n<p>Ara ja sabem qu\u00e8 \u00e9s una vinyeta, que els di\u00e0legs s&#8217;escriuen a les bafarades i que la lletra ha de ser de pal.<\/p>\n<p style=\"text-align: left\">C\u00f2mic de la Mariam i en Jan:<a href=\"https:\/\/agora.xtec.cat\/ceipvistaalegre\/wp-content\/uploads\/usu1936\/2025\/12\/Screenshot_20251202_130240_Gallery.jpg\"><img loading=\"lazy\" decoding=\"async\" class=\"size-medium wp-image-11915 aligncenter\" src=\"https:\/\/agora.xtec.cat\/ceipvistaalegre\/wp-content\/uploads\/usu1936\/2025\/12\/Screenshot_20251202_130240_Gallery-276x300.jpg\" alt=\"\" width=\"276\" height=\"300\" srcset=\"https:\/\/agora.xtec.cat\/ceipvistaalegre\/wp-content\/uploads\/usu1936\/2025\/12\/Screenshot_20251202_130240_Gallery-276x300.jpg 276w, https:\/\/agora.xtec.cat\/ceipvistaalegre\/wp-content\/uploads\/usu1936\/2025\/12\/Screenshot_20251202_130240_Gallery-941x1024.jpg 941w, https:\/\/agora.xtec.cat\/ceipvistaalegre\/wp-content\/uploads\/usu1936\/2025\/12\/Screenshot_20251202_130240_Gallery-768x836.jpg 768w, https:\/\/agora.xtec.cat\/ceipvistaalegre\/wp-content\/uploads\/usu1936\/2025\/12\/Screenshot_20251202_130240_Gallery.jpg 1073w\" sizes=\"auto, (max-width: 276px) 100vw, 276px\" \/><\/a><\/p>\n<p><a href=\"https:\/\/agora.xtec.cat\/ceipvistaalegre\/wp-content\/uploads\/usu1936\/2025\/12\/Screenshot_20251202_130234_Gallery.jpg\"><img loading=\"lazy\" decoding=\"async\" class=\"alignleft size-medium wp-image-11914\" src=\"https:\/\/agora.xtec.cat\/ceipvistaalegre\/wp-content\/uploads\/usu1936\/2025\/12\/Screenshot_20251202_130234_Gallery-281x300.jpg\" alt=\"\" width=\"281\" height=\"300\" srcset=\"https:\/\/agora.xtec.cat\/ceipvistaalegre\/wp-content\/uploads\/usu1936\/2025\/12\/Screenshot_20251202_130234_Gallery-281x300.jpg 281w, https:\/\/agora.xtec.cat\/ceipvistaalegre\/wp-content\/uploads\/usu1936\/2025\/12\/Screenshot_20251202_130234_Gallery-960x1024.jpg 960w, https:\/\/agora.xtec.cat\/ceipvistaalegre\/wp-content\/uploads\/usu1936\/2025\/12\/Screenshot_20251202_130234_Gallery-768x819.jpg 768w, https:\/\/agora.xtec.cat\/ceipvistaalegre\/wp-content\/uploads\/usu1936\/2025\/12\/Screenshot_20251202_130234_Gallery.jpg 1080w\" sizes=\"auto, (max-width: 281px) 100vw, 281px\" \/><\/a><\/p>\n","protected":false},"excerpt":{"rendered":"<p>Els infants de segon hem treballat el c\u00f2mic.<br \/>\nAra ja sabem qu\u00e8 \u00e9s una vinyeta, que els di\u00e0legs s&#8217;escriuen a les bafarades i que la lletra ha de ser de pal.<br \/>\nC\u00f2mic de la Mariam i en Jan:<a href=\"https:\/\/agora.xtec.cat\/ceipvistaalegre\/wp-content\/uploads\/usu1936\/2025\/12\/Screenshot_20251202_130240_Gallery.jpg\"><\/a><br \/>\n<a href=\"https:\/\/agora.xtec.cat\/ceipvistaalegre\/wp-content\/uploads\/usu1936\/2025\/12\/Screenshot_20251202_130234_Gallery.jpg\"><\/a><\/p>\n","protected":false},"author":7,"featured_media":0,"comment_status":"open","ping_status":"open","sticky":false,"template":"","format":"standard","meta":{"_bbp_topic_count":0,"_bbp_reply_count":0,"_bbp_total_topic_count":0,"_bbp_total_reply_count":0,"_bbp_voice_count":0,"_bbp_anonymous_reply_count":0,"_bbp_topic_count_hidden":0,"_bbp_reply_count_hidden":0,"_bbp_forum_subforum_count":0,"footnotes":""},"categories":[11],"tags":[],"class_list":["post-11913","post","type-post","status-publish","format-standard","hentry","category-2n"],"post_mailing_queue_ids":[],"_links":{"self":[{"href":"https:\/\/agora.xtec.cat\/ceipvistaalegre\/wp-json\/wp\/v2\/posts\/11913","targetHints":{"allow":["GET"]}}],"collection":[{"href":"https:\/\/agora.xtec.cat\/ceipvistaalegre\/wp-json\/wp\/v2\/posts"}],"about":[{"href":"https:\/\/agora.xtec.cat\/ceipvistaalegre\/wp-json\/wp\/v2\/types\/post"}],"author":[{"embeddable":true,"href":"https:\/\/agora.xtec.cat\/ceipvistaalegre\/wp-json\/wp\/v2\/users\/7"}],"replies":[{"embeddable":true,"href":"https:\/\/agora.xtec.cat\/ceipvistaalegre\/wp-json\/wp\/v2\/comments?post=11913"}],"version-history":[{"count":1,"href":"https:\/\/agora.xtec.cat\/ceipvistaalegre\/wp-json\/wp\/v2\/posts\/11913\/revisions"}],"predecessor-version":[{"id":11916,"href":"https:\/\/agora.xtec.cat\/ceipvistaalegre\/wp-json\/wp\/v2\/posts\/11913\/revisions\/11916"}],"wp:attachment":[{"href":"https:\/\/agora.xtec.cat\/ceipvistaalegre\/wp-json\/wp\/v2\/media?parent=11913"}],"wp:term":[{"taxonomy":"category","embeddable":true,"href":"https:\/\/agora.xtec.cat\/ceipvistaalegre\/wp-json\/wp\/v2\/categories?post=11913"},{"taxonomy":"post_tag","embeddable":true,"href":"https:\/\/agora.xtec.cat\/ceipvistaalegre\/wp-json\/wp\/v2\/tags?post=11913"}],"curies":[{"name":"wp","href":"https:\/\/api.w.org\/{rel}","templated":true}]}}