{"id":11904,"date":"2025-11-26T11:50:46","date_gmt":"2025-11-26T10:50:46","guid":{"rendered":"https:\/\/agora.xtec.cat\/ceipvistaalegre\/?p=11904"},"modified":"2025-11-26T11:50:46","modified_gmt":"2025-11-26T10:50:46","slug":"castella-treballem-les-emocions","status":"publish","type":"post","link":"https:\/\/agora.xtec.cat\/ceipvistaalegre\/primaria\/2n\/castella-treballem-les-emocions\/","title":{"rendered":"Castell\u00e0: Treballem les emocions"},"content":{"rendered":"<p data-start=\"81\" data-end=\"301\">En castellano hemos trabajado <strong data-start=\"115\" data-end=\"132\">las emociones<\/strong> con el cuento <em data-start=\"147\" data-end=\"180\">\u201cEl armadillo que vino a cenar\u201d<\/em>.<br data-start=\"181\" data-end=\"184\" \/>Despu\u00e9s, nos hemos divertido <strong data-start=\"213\" data-end=\"242\">representando expresiones<\/strong>: <strong data-start=\"244\" data-end=\"256\" data-is-only-node=\"\">contento<\/strong>, <strong data-start=\"258\" data-end=\"270\">enfadado<\/strong>, <strong data-start=\"272\" data-end=\"282\">triste<\/strong> y <strong data-start=\"285\" data-end=\"300\">sorprendido<\/strong>.<\/p>\n<p data-start=\"303\" data-end=\"394\">\u00bfOs atrev\u00e9is a adivinar <strong data-start=\"327\" data-end=\"362\">qu\u00e9 emoci\u00f3n representa cada uno<\/strong>?<br data-start=\"363\" data-end=\"366\" \/>\u00a1No vale mirar dos veces! \ud83d\ude09<\/p>\n<p data-start=\"303\" data-end=\"394\"><a href=\"https:\/\/agora.xtec.cat\/ceipvistaalegre\/wp-content\/uploads\/usu1936\/2025\/11\/0bbcade8-b19b-41b8-abae-25a916ec2790.jpg\"><img loading=\"lazy\" decoding=\"async\" class=\"alignnone size-large wp-image-11905\" src=\"https:\/\/agora.xtec.cat\/ceipvistaalegre\/wp-content\/uploads\/usu1936\/2025\/11\/0bbcade8-b19b-41b8-abae-25a916ec2790-576x1024.jpg\" alt=\"\" width=\"576\" height=\"1024\" srcset=\"https:\/\/agora.xtec.cat\/ceipvistaalegre\/wp-content\/uploads\/usu1936\/2025\/11\/0bbcade8-b19b-41b8-abae-25a916ec2790-576x1024.jpg 576w, https:\/\/agora.xtec.cat\/ceipvistaalegre\/wp-content\/uploads\/usu1936\/2025\/11\/0bbcade8-b19b-41b8-abae-25a916ec2790-169x300.jpg 169w, https:\/\/agora.xtec.cat\/ceipvistaalegre\/wp-content\/uploads\/usu1936\/2025\/11\/0bbcade8-b19b-41b8-abae-25a916ec2790-768x1366.jpg 768w, https:\/\/agora.xtec.cat\/ceipvistaalegre\/wp-content\/uploads\/usu1936\/2025\/11\/0bbcade8-b19b-41b8-abae-25a916ec2790.jpg 812w\" sizes=\"auto, (max-width: 576px) 100vw, 576px\" \/><\/a><\/p>\n","protected":false},"excerpt":{"rendered":"<p>En castellano hemos trabajado las emociones con el cuento \u201cEl armadillo que vino a cenar\u201d.Despu\u00e9s, nos hemos divertido representando expresiones: contento, enfadado, triste y sorprendido.<br \/>\n\u00bfOs atrev\u00e9is a adivinar qu\u00e9 emoci\u00f3n representa cada uno?\u00a1No vale mirar dos veces! \ud83d\ude09<br \/>\n<a href=\"https:\/\/agora.xtec.cat\/ceipvistaalegre\/wp-content\/uploads\/usu1936\/2025\/11\/0bbcade8-b19b-41b8-abae-25a916ec2790.jpg\"><\/a><\/p>\n","protected":false},"author":27,"featured_media":0,"comment_status":"open","ping_status":"open","sticky":false,"template":"","format":"standard","meta":{"_bbp_topic_count":0,"_bbp_reply_count":0,"_bbp_total_topic_count":0,"_bbp_total_reply_count":0,"_bbp_voice_count":0,"_bbp_anonymous_reply_count":0,"_bbp_topic_count_hidden":0,"_bbp_reply_count_hidden":0,"_bbp_forum_subforum_count":0,"footnotes":""},"categories":[11],"tags":[],"class_list":["post-11904","post","type-post","status-publish","format-standard","hentry","category-2n"],"post_mailing_queue_ids":[],"_links":{"self":[{"href":"https:\/\/agora.xtec.cat\/ceipvistaalegre\/wp-json\/wp\/v2\/posts\/11904","targetHints":{"allow":["GET"]}}],"collection":[{"href":"https:\/\/agora.xtec.cat\/ceipvistaalegre\/wp-json\/wp\/v2\/posts"}],"about":[{"href":"https:\/\/agora.xtec.cat\/ceipvistaalegre\/wp-json\/wp\/v2\/types\/post"}],"author":[{"embeddable":true,"href":"https:\/\/agora.xtec.cat\/ceipvistaalegre\/wp-json\/wp\/v2\/users\/27"}],"replies":[{"embeddable":true,"href":"https:\/\/agora.xtec.cat\/ceipvistaalegre\/wp-json\/wp\/v2\/comments?post=11904"}],"version-history":[{"count":1,"href":"https:\/\/agora.xtec.cat\/ceipvistaalegre\/wp-json\/wp\/v2\/posts\/11904\/revisions"}],"predecessor-version":[{"id":11906,"href":"https:\/\/agora.xtec.cat\/ceipvistaalegre\/wp-json\/wp\/v2\/posts\/11904\/revisions\/11906"}],"wp:attachment":[{"href":"https:\/\/agora.xtec.cat\/ceipvistaalegre\/wp-json\/wp\/v2\/media?parent=11904"}],"wp:term":[{"taxonomy":"category","embeddable":true,"href":"https:\/\/agora.xtec.cat\/ceipvistaalegre\/wp-json\/wp\/v2\/categories?post=11904"},{"taxonomy":"post_tag","embeddable":true,"href":"https:\/\/agora.xtec.cat\/ceipvistaalegre\/wp-json\/wp\/v2\/tags?post=11904"}],"curies":[{"name":"wp","href":"https:\/\/api.w.org\/{rel}","templated":true}]}}