{"id":11879,"date":"2025-11-13T19:52:01","date_gmt":"2025-11-13T18:52:01","guid":{"rendered":"https:\/\/agora.xtec.cat\/ceipvistaalegre\/?p=11879"},"modified":"2025-11-16T07:59:08","modified_gmt":"2025-11-16T06:59:08","slug":"sortida-de-tardor-ded-infantil","status":"publish","type":"post","link":"https:\/\/agora.xtec.cat\/ceipvistaalegre\/infantil\/sortida-de-tardor-ded-infantil\/","title":{"rendered":"Sortida de tardor d&#8217;Ed. Infantil."},"content":{"rendered":"<p><a href=\"https:\/\/agora.xtec.cat\/ceipvistaalegre\/infantil\/sortida-de-tardor-ded-infantil\/attachment\/photo-output-22-1-min\/\" rel=\"attachment wp-att-11884\"><img loading=\"lazy\" decoding=\"async\" class=\"aligncenter size-full wp-image-11884\" src=\"https:\/\/agora.xtec.cat\/ceipvistaalegre\/wp-content\/uploads\/usu1936\/2025\/11\/photo-output-22-1-min-scaled.jpg\" alt=\"\" width=\"2560\" height=\"2560\" srcset=\"https:\/\/agora.xtec.cat\/ceipvistaalegre\/wp-content\/uploads\/usu1936\/2025\/11\/photo-output-22-1-min-scaled.jpg 2560w, https:\/\/agora.xtec.cat\/ceipvistaalegre\/wp-content\/uploads\/usu1936\/2025\/11\/photo-output-22-1-min-300x300.jpg 300w, https:\/\/agora.xtec.cat\/ceipvistaalegre\/wp-content\/uploads\/usu1936\/2025\/11\/photo-output-22-1-min-1024x1024.jpg 1024w, https:\/\/agora.xtec.cat\/ceipvistaalegre\/wp-content\/uploads\/usu1936\/2025\/11\/photo-output-22-1-min-150x150.jpg 150w, https:\/\/agora.xtec.cat\/ceipvistaalegre\/wp-content\/uploads\/usu1936\/2025\/11\/photo-output-22-1-min-768x768.jpg 768w, https:\/\/agora.xtec.cat\/ceipvistaalegre\/wp-content\/uploads\/usu1936\/2025\/11\/photo-output-22-1-min-1536x1536.jpg 1536w, https:\/\/agora.xtec.cat\/ceipvistaalegre\/wp-content\/uploads\/usu1936\/2025\/11\/photo-output-22-1-min-2048x2048.jpg 2048w\" sizes=\"auto, (max-width: 2560px) 100vw, 2560px\" \/><\/a><\/p>\n<p>Avui, els nens i les nenes de la classe dels Pops, les Tortugues i les Estrelles de Mar hem anat d&#8217;excursi\u00f3 a la granja escola <strong><em>&#8220;Hortus&#8221;<\/em><\/strong> al Montseny,\u00a0 hem passat un mat\u00ed ben enfeinats:<\/p>\n<p>Primer buscant fusta, pinyes i troncs per poder fer el foc per torrar les castanyes. Ens han acompanyat dos ases que ens han ajudat a portar tota la c\u00e0rrega. Tamb\u00e9 hem anat collint fulles dels colors de la tardor, aglans i pinyes per portar cap a l&#8217;escola. Mentre \u00e9rem al bosc, ha arribat la Maria castanyera ben carregada amb el seu cistell.<\/p>\n<p>Despr\u00e9s hem tornat cap a la masia on la Maria castanyera ens ha explicat un conte i ens ha ajudat a preparar el foc per torrar les castanyes.<\/p>\n<p>A continuaci\u00f3 hem marxat a donar de menjar als animals de la masia: ases, cavalls, xais, cabres, vaca, conills, gallines, porcs&#8230; quina feinada! Tots tenien molta gana.<\/p>\n<p>Per acabar hem fet de pag\u00e8s a l&#8217;hort del costat de la casa. All\u00e0 hem plantat enciams.<\/p>\n<p>Ha estat una jornada plena de noves experi\u00e8ncies que ens han apropat una mica m\u00e9s a la natura. N&#8217;hem gaudit molt!<\/p>\n<p>&nbsp;<\/p>\n<p>&nbsp;<\/p>\n","protected":false},"excerpt":{"rendered":"<p><a href=\"https:\/\/agora.xtec.cat\/ceipvistaalegre\/infantil\/sortida-de-tardor-ded-infantil\/attachment\/photo-output-22-1-min\/\" rel=\"attachment wp-att-11884\"><\/a><br \/>\nAvui, els nens i les nenes de la classe dels Pops, les Tortugues i les Estrelles de Mar hem anat d&#8217;excursi\u00f3 a la granja escola &#8220;Hortus&#8221; al Montseny,\u00a0 hem passat un mat\u00ed ben enfeinats:<br \/>\nPrimer buscant fusta, pinyes i troncs per poder fer&hellip;  <a href=\"https:\/\/agora.xtec.cat\/ceipvistaalegre\/infantil\/sortida-de-tardor-ded-infantil\/\" title=\"Read Sortida de tardor d&#8217;Ed. Infantil.\">Llegeix m\u00e9s\u00bb<\/a><\/p>\n","protected":false},"author":4,"featured_media":0,"comment_status":"open","ping_status":"open","sticky":false,"template":"","format":"standard","meta":{"_bbp_topic_count":0,"_bbp_reply_count":0,"_bbp_total_topic_count":0,"_bbp_total_reply_count":0,"_bbp_voice_count":0,"_bbp_anonymous_reply_count":0,"_bbp_topic_count_hidden":0,"_bbp_reply_count_hidden":0,"_bbp_forum_subforum_count":0,"footnotes":""},"categories":[3,8,225,2],"tags":[318,16,93],"class_list":["post-11879","post","type-post","status-publish","format-standard","hentry","category-infantil-3-anys","category-infantil-4-anys","category-infantil-5-anys","category-infantil","tag-descoberta-de-lentorn","tag-sortides","tag-tardor"],"post_mailing_queue_ids":[],"_links":{"self":[{"href":"https:\/\/agora.xtec.cat\/ceipvistaalegre\/wp-json\/wp\/v2\/posts\/11879","targetHints":{"allow":["GET"]}}],"collection":[{"href":"https:\/\/agora.xtec.cat\/ceipvistaalegre\/wp-json\/wp\/v2\/posts"}],"about":[{"href":"https:\/\/agora.xtec.cat\/ceipvistaalegre\/wp-json\/wp\/v2\/types\/post"}],"author":[{"embeddable":true,"href":"https:\/\/agora.xtec.cat\/ceipvistaalegre\/wp-json\/wp\/v2\/users\/4"}],"replies":[{"embeddable":true,"href":"https:\/\/agora.xtec.cat\/ceipvistaalegre\/wp-json\/wp\/v2\/comments?post=11879"}],"version-history":[{"count":6,"href":"https:\/\/agora.xtec.cat\/ceipvistaalegre\/wp-json\/wp\/v2\/posts\/11879\/revisions"}],"predecessor-version":[{"id":11891,"href":"https:\/\/agora.xtec.cat\/ceipvistaalegre\/wp-json\/wp\/v2\/posts\/11879\/revisions\/11891"}],"wp:attachment":[{"href":"https:\/\/agora.xtec.cat\/ceipvistaalegre\/wp-json\/wp\/v2\/media?parent=11879"}],"wp:term":[{"taxonomy":"category","embeddable":true,"href":"https:\/\/agora.xtec.cat\/ceipvistaalegre\/wp-json\/wp\/v2\/categories?post=11879"},{"taxonomy":"post_tag","embeddable":true,"href":"https:\/\/agora.xtec.cat\/ceipvistaalegre\/wp-json\/wp\/v2\/tags?post=11879"}],"curies":[{"name":"wp","href":"https:\/\/api.w.org\/{rel}","templated":true}]}}