{"id":11871,"date":"2025-11-11T18:50:00","date_gmt":"2025-11-11T17:50:00","guid":{"rendered":"https:\/\/agora.xtec.cat\/ceipvistaalegre\/?p=11871"},"modified":"2025-11-11T18:50:00","modified_gmt":"2025-11-11T17:50:00","slug":"ja-tenim-padrins-lectors","status":"publish","type":"post","link":"https:\/\/agora.xtec.cat\/ceipvistaalegre\/primaria\/1r\/ja-tenim-padrins-lectors\/","title":{"rendered":"Ja tenim Padrins Lectors!"},"content":{"rendered":"<p>Dimecres passat vam viure un moment molt especial: vam con\u00e8ixer els nostres <strong>padrins i padrines de 5\u00e8<\/strong>! Els nens i les nenes de primer van rebre amb molta emoci\u00f3 els seus padrins, amb qui compartiran moltes estones de lectura al llarg del curs.<\/p>\n<p>Dimecres va ser la primera trobada. Els padrins havien preparat una carta de presentaci\u00f3 per als seus fillols i filloles, que van llegir amb molta il\u00b7lusi\u00f3. Despr\u00e9s, junts van decorar la carta i van comen\u00e7ar a con\u00e8ixer-se una mica millor.<\/p>\n<p>Va estar una activitat plena d&#8217;emoci\u00f3 i complicitat! Estem segurs que aquesta experi\u00e8ncia ens ajudar\u00e0 a cr\u00e9ixer com a lectors i lectores i a crear vincles molt bonics entre els dos cursos.<\/p>\n<p>Esperem amb ganes la propera trobada!<\/p>\n<p><a href=\"https:\/\/agora.xtec.cat\/ceipvistaalegre\/wp-content\/uploads\/usu1936\/2025\/11\/Padrins-lectors.jpg\"><img loading=\"lazy\" decoding=\"async\" class=\"wp-image-11872 aligncenter\" src=\"https:\/\/agora.xtec.cat\/ceipvistaalegre\/wp-content\/uploads\/usu1936\/2025\/11\/Padrins-lectors-1024x724.jpg\" alt=\"\" width=\"622\" height=\"440\" srcset=\"https:\/\/agora.xtec.cat\/ceipvistaalegre\/wp-content\/uploads\/usu1936\/2025\/11\/Padrins-lectors-1024x724.jpg 1024w, https:\/\/agora.xtec.cat\/ceipvistaalegre\/wp-content\/uploads\/usu1936\/2025\/11\/Padrins-lectors-300x212.jpg 300w, https:\/\/agora.xtec.cat\/ceipvistaalegre\/wp-content\/uploads\/usu1936\/2025\/11\/Padrins-lectors-768x543.jpg 768w, https:\/\/agora.xtec.cat\/ceipvistaalegre\/wp-content\/uploads\/usu1936\/2025\/11\/Padrins-lectors-1536x1086.jpg 1536w, https:\/\/agora.xtec.cat\/ceipvistaalegre\/wp-content\/uploads\/usu1936\/2025\/11\/Padrins-lectors.jpg 2000w\" sizes=\"auto, (max-width: 622px) 100vw, 622px\" \/><\/a><\/p>\n","protected":false},"excerpt":{"rendered":"<p>Dimecres passat vam viure un moment molt especial: vam con\u00e8ixer els nostres padrins i padrines de 5\u00e8! Els nens i les nenes de primer van rebre amb molta emoci\u00f3 els seus padrins, amb qui compartiran moltes estones de lectura al llarg del curs.<br \/>\nDimecres va ser&hellip;  <a href=\"https:\/\/agora.xtec.cat\/ceipvistaalegre\/primaria\/1r\/ja-tenim-padrins-lectors\/\" title=\"Read Ja tenim Padrins Lectors!\">Llegeix m\u00e9s\u00bb<\/a><\/p>\n","protected":false},"author":42,"featured_media":11872,"comment_status":"open","ping_status":"open","sticky":false,"template":"","format":"standard","meta":{"_bbp_topic_count":0,"_bbp_reply_count":0,"_bbp_total_topic_count":0,"_bbp_total_reply_count":0,"_bbp_voice_count":0,"_bbp_anonymous_reply_count":0,"_bbp_topic_count_hidden":0,"_bbp_reply_count_hidden":0,"_bbp_forum_subforum_count":0,"footnotes":""},"categories":[10],"tags":[381],"class_list":["post-11871","post","type-post","status-publish","format-standard","has-post-thumbnail","hentry","category-1r","tag-padrins-lectors"],"post_mailing_queue_ids":[],"_links":{"self":[{"href":"https:\/\/agora.xtec.cat\/ceipvistaalegre\/wp-json\/wp\/v2\/posts\/11871","targetHints":{"allow":["GET"]}}],"collection":[{"href":"https:\/\/agora.xtec.cat\/ceipvistaalegre\/wp-json\/wp\/v2\/posts"}],"about":[{"href":"https:\/\/agora.xtec.cat\/ceipvistaalegre\/wp-json\/wp\/v2\/types\/post"}],"author":[{"embeddable":true,"href":"https:\/\/agora.xtec.cat\/ceipvistaalegre\/wp-json\/wp\/v2\/users\/42"}],"replies":[{"embeddable":true,"href":"https:\/\/agora.xtec.cat\/ceipvistaalegre\/wp-json\/wp\/v2\/comments?post=11871"}],"version-history":[{"count":1,"href":"https:\/\/agora.xtec.cat\/ceipvistaalegre\/wp-json\/wp\/v2\/posts\/11871\/revisions"}],"predecessor-version":[{"id":11873,"href":"https:\/\/agora.xtec.cat\/ceipvistaalegre\/wp-json\/wp\/v2\/posts\/11871\/revisions\/11873"}],"wp:featuredmedia":[{"embeddable":true,"href":"https:\/\/agora.xtec.cat\/ceipvistaalegre\/wp-json\/wp\/v2\/media\/11872"}],"wp:attachment":[{"href":"https:\/\/agora.xtec.cat\/ceipvistaalegre\/wp-json\/wp\/v2\/media?parent=11871"}],"wp:term":[{"taxonomy":"category","embeddable":true,"href":"https:\/\/agora.xtec.cat\/ceipvistaalegre\/wp-json\/wp\/v2\/categories?post=11871"},{"taxonomy":"post_tag","embeddable":true,"href":"https:\/\/agora.xtec.cat\/ceipvistaalegre\/wp-json\/wp\/v2\/tags?post=11871"}],"curies":[{"name":"wp","href":"https:\/\/api.w.org\/{rel}","templated":true}]}}