{"id":11866,"date":"2025-11-08T15:43:19","date_gmt":"2025-11-08T14:43:19","guid":{"rendered":"https:\/\/agora.xtec.cat\/ceipvistaalegre\/?p=11866"},"modified":"2025-11-08T15:43:19","modified_gmt":"2025-11-08T14:43:19","slug":"el-gran-joc-del-mataro-2030","status":"publish","type":"post","link":"https:\/\/agora.xtec.cat\/ceipvistaalegre\/general\/el-gran-joc-del-mataro-2030\/","title":{"rendered":"El Gran Joc del Matar\u00f3 2030"},"content":{"rendered":"<p>Els alumnes de sis\u00e8 de prim\u00e0ria hem realitzat uns tallers que ha organitzat l&#8217;Ajuntament &#8220;El Gran Joc del Matar\u00f3 2030&#8221; per difondre els Objectius de Desenvolupament Sostenible i l&#8217;Agenda Urbana Matar\u00f3 2030 entre els infants i joves de la ciutat i explicar com ells i elles poden contribuir a fer una ciutat millor. Aquesta proposta arriba despr\u00e9s de portar a terme, els darrers dos anys, del taller Decidim avui, la ciutat de dem\u00e0.<\/p>\n<p>Els tallers s&#8217;han estructurat en diverses fases. En primer lloc, s&#8217;ha fet una introducci\u00f3 sobre el projecte Matar\u00f3 2030, explicant quins s\u00f3n els reptes de la ciutat en \u00e0mbits com la mobilitat, el medi ambient, la conviv\u00e8ncia o l&#8217;\u00fas responsable dels recursos. A continuaci\u00f3, els alumnes han participat en jocs de rol i activitats cooperatives en qu\u00e8 havien de prendre decisions com a futurs ciutadans, planificant accions concretes per construir una ciutat m\u00e9s sostenible, justa i acollidora.<\/p>\n<p>Els tallers han estat una experi\u00e8ncia molt positiva que ha perm\u00e8s als alumnes sentir-se part activa del projecte Matar\u00f3 2030, tot aprenent que, amb petites accions quotidianes, \u00e9s possible contribuir a un futur millor per a tothom.<\/p>\n<p><img loading=\"lazy\" decoding=\"async\" class=\"alignnone  wp-image-11868\" src=\"https:\/\/agora.xtec.cat\/ceipvistaalegre\/wp-content\/uploads\/usu1936\/2025\/11\/WhatsApp-Image-2025-11-07-at-17.39.31-1024x768.jpeg\" alt=\"\" width=\"446\" height=\"334\" srcset=\"https:\/\/agora.xtec.cat\/ceipvistaalegre\/wp-content\/uploads\/usu1936\/2025\/11\/WhatsApp-Image-2025-11-07-at-17.39.31-1024x768.jpeg 1024w, https:\/\/agora.xtec.cat\/ceipvistaalegre\/wp-content\/uploads\/usu1936\/2025\/11\/WhatsApp-Image-2025-11-07-at-17.39.31-300x225.jpeg 300w, https:\/\/agora.xtec.cat\/ceipvistaalegre\/wp-content\/uploads\/usu1936\/2025\/11\/WhatsApp-Image-2025-11-07-at-17.39.31-768x576.jpeg 768w, https:\/\/agora.xtec.cat\/ceipvistaalegre\/wp-content\/uploads\/usu1936\/2025\/11\/WhatsApp-Image-2025-11-07-at-17.39.31-1536x1152.jpeg 1536w, https:\/\/agora.xtec.cat\/ceipvistaalegre\/wp-content\/uploads\/usu1936\/2025\/11\/WhatsApp-Image-2025-11-07-at-17.39.31-200x150.jpeg 200w, https:\/\/agora.xtec.cat\/ceipvistaalegre\/wp-content\/uploads\/usu1936\/2025\/11\/WhatsApp-Image-2025-11-07-at-17.39.31.jpeg 2048w\" sizes=\"auto, (max-width: 446px) 100vw, 446px\" \/><\/p>\n<p>&nbsp;<\/p>\n","protected":false},"excerpt":{"rendered":"<p>Els alumnes de sis\u00e8 de prim\u00e0ria hem realitzat uns tallers que ha organitzat l&#8217;Ajuntament &#8220;El Gran Joc del Matar\u00f3 2030&#8221; per difondre els Objectius de Desenvolupament Sostenible i l&#8217;Agenda Urbana Matar\u00f3 2030 entre els infants i joves de la ciutat i explicar com ells i&hellip;  <a href=\"https:\/\/agora.xtec.cat\/ceipvistaalegre\/general\/el-gran-joc-del-mataro-2030\/\" title=\"Read El Gran Joc del Matar\u00f3 2030\">Llegeix m\u00e9s\u00bb<\/a><\/p>\n","protected":false},"author":18,"featured_media":0,"comment_status":"open","ping_status":"open","sticky":false,"template":"","format":"standard","meta":{"_bbp_topic_count":0,"_bbp_reply_count":0,"_bbp_total_topic_count":0,"_bbp_total_reply_count":0,"_bbp_voice_count":0,"_bbp_anonymous_reply_count":0,"_bbp_topic_count_hidden":0,"_bbp_reply_count_hidden":0,"_bbp_forum_subforum_count":0,"footnotes":""},"categories":[15,1],"tags":[],"class_list":["post-11866","post","type-post","status-publish","format-standard","hentry","category-6e","category-general"],"post_mailing_queue_ids":[],"_links":{"self":[{"href":"https:\/\/agora.xtec.cat\/ceipvistaalegre\/wp-json\/wp\/v2\/posts\/11866","targetHints":{"allow":["GET"]}}],"collection":[{"href":"https:\/\/agora.xtec.cat\/ceipvistaalegre\/wp-json\/wp\/v2\/posts"}],"about":[{"href":"https:\/\/agora.xtec.cat\/ceipvistaalegre\/wp-json\/wp\/v2\/types\/post"}],"author":[{"embeddable":true,"href":"https:\/\/agora.xtec.cat\/ceipvistaalegre\/wp-json\/wp\/v2\/users\/18"}],"replies":[{"embeddable":true,"href":"https:\/\/agora.xtec.cat\/ceipvistaalegre\/wp-json\/wp\/v2\/comments?post=11866"}],"version-history":[{"count":1,"href":"https:\/\/agora.xtec.cat\/ceipvistaalegre\/wp-json\/wp\/v2\/posts\/11866\/revisions"}],"predecessor-version":[{"id":11869,"href":"https:\/\/agora.xtec.cat\/ceipvistaalegre\/wp-json\/wp\/v2\/posts\/11866\/revisions\/11869"}],"wp:attachment":[{"href":"https:\/\/agora.xtec.cat\/ceipvistaalegre\/wp-json\/wp\/v2\/media?parent=11866"}],"wp:term":[{"taxonomy":"category","embeddable":true,"href":"https:\/\/agora.xtec.cat\/ceipvistaalegre\/wp-json\/wp\/v2\/categories?post=11866"},{"taxonomy":"post_tag","embeddable":true,"href":"https:\/\/agora.xtec.cat\/ceipvistaalegre\/wp-json\/wp\/v2\/tags?post=11866"}],"curies":[{"name":"wp","href":"https:\/\/api.w.org\/{rel}","templated":true}]}}