{"id":11860,"date":"2025-11-05T13:06:14","date_gmt":"2025-11-05T12:06:14","guid":{"rendered":"https:\/\/agora.xtec.cat\/ceipvistaalegre\/?p=11860"},"modified":"2025-11-05T13:06:39","modified_gmt":"2025-11-05T12:06:39","slug":"padrins-lectors-presentacio","status":"publish","type":"post","link":"https:\/\/agora.xtec.cat\/ceipvistaalegre\/primaria\/5e\/padrins-lectors-presentacio\/","title":{"rendered":"Padrins lectors: presentaci\u00f3"},"content":{"rendered":"<p data-start=\"58\" data-end=\"279\">Aquest mat\u00ed hem comen\u00e7at l&#8217;activitat de padrins lectors. Els nens i les nenes de cinqu\u00e8 apadrinen l\u2019alumnat de primer per llegir plegats. Avui s\u2019han trobat per fer les presentacions i descobrir com s\u00f3n els seus fillols<\/p>\n<p data-start=\"281\" data-end=\"526\">Han preparat una carta de presentaci\u00f3 per als seus fillols i filloles, l\u2019han llegida i, tot seguit, l&#8217;han decorat conjuntament. Ha estat una activitat molt enriquidora, que han fet amb molta il\u00b7lusi\u00f3.<\/p>\n<p data-start=\"281\" data-end=\"526\"><a href=\"https:\/\/agora.xtec.cat\/ceipvistaalegre\/wp-content\/uploads\/usu1936\/2025\/11\/1762343808098.jpg\"><img loading=\"lazy\" decoding=\"async\" class=\"alignnone wp-image-11858\" src=\"https:\/\/agora.xtec.cat\/ceipvistaalegre\/wp-content\/uploads\/usu1936\/2025\/11\/1762343808098-1024x627.jpg\" alt=\"\" width=\"505\" height=\"309\" srcset=\"https:\/\/agora.xtec.cat\/ceipvistaalegre\/wp-content\/uploads\/usu1936\/2025\/11\/1762343808098-1024x627.jpg 1024w, https:\/\/agora.xtec.cat\/ceipvistaalegre\/wp-content\/uploads\/usu1936\/2025\/11\/1762343808098-300x184.jpg 300w, https:\/\/agora.xtec.cat\/ceipvistaalegre\/wp-content\/uploads\/usu1936\/2025\/11\/1762343808098-768x470.jpg 768w, https:\/\/agora.xtec.cat\/ceipvistaalegre\/wp-content\/uploads\/usu1936\/2025\/11\/1762343808098-1536x940.jpg 1536w, https:\/\/agora.xtec.cat\/ceipvistaalegre\/wp-content\/uploads\/usu1936\/2025\/11\/1762343808098-2048x1253.jpg 2048w\" sizes=\"auto, (max-width: 505px) 100vw, 505px\" \/><\/a><\/p>\n<p><a href=\"https:\/\/agora.xtec.cat\/ceipvistaalegre\/wp-content\/uploads\/usu1936\/2025\/11\/1762343808089-1.jpg\"><img loading=\"lazy\" decoding=\"async\" class=\"alignnone wp-image-11861\" src=\"https:\/\/agora.xtec.cat\/ceipvistaalegre\/wp-content\/uploads\/usu1936\/2025\/11\/1762343808089-1-1024x823.jpg\" alt=\"\" width=\"505\" height=\"406\" srcset=\"https:\/\/agora.xtec.cat\/ceipvistaalegre\/wp-content\/uploads\/usu1936\/2025\/11\/1762343808089-1-1024x823.jpg 1024w, https:\/\/agora.xtec.cat\/ceipvistaalegre\/wp-content\/uploads\/usu1936\/2025\/11\/1762343808089-1-300x241.jpg 300w, https:\/\/agora.xtec.cat\/ceipvistaalegre\/wp-content\/uploads\/usu1936\/2025\/11\/1762343808089-1-768x617.jpg 768w, https:\/\/agora.xtec.cat\/ceipvistaalegre\/wp-content\/uploads\/usu1936\/2025\/11\/1762343808089-1-1536x1234.jpg 1536w, https:\/\/agora.xtec.cat\/ceipvistaalegre\/wp-content\/uploads\/usu1936\/2025\/11\/1762343808089-1.jpg 1837w\" sizes=\"auto, (max-width: 505px) 100vw, 505px\" \/><\/a><\/p>\n<p>&nbsp;<\/p>\n","protected":false},"excerpt":{"rendered":"<p>Aquest mat\u00ed hem comen\u00e7at l&#8217;activitat de padrins lectors. Els nens i les nenes de cinqu\u00e8 apadrinen l\u2019alumnat de primer per llegir plegats. Avui s\u2019han trobat per fer les presentacions i descobrir com s\u00f3n els seus fillols<br \/>\nHan preparat una carta de presentaci\u00f3 per als seus fillols&hellip;  <a href=\"https:\/\/agora.xtec.cat\/ceipvistaalegre\/primaria\/5e\/padrins-lectors-presentacio\/\" title=\"Read Padrins lectors: presentaci\u00f3\">Llegeix m\u00e9s\u00bb<\/a><\/p>\n","protected":false},"author":41,"featured_media":0,"comment_status":"open","ping_status":"open","sticky":false,"template":"","format":"standard","meta":{"_bbp_topic_count":0,"_bbp_reply_count":0,"_bbp_total_topic_count":0,"_bbp_total_reply_count":0,"_bbp_voice_count":0,"_bbp_anonymous_reply_count":0,"_bbp_topic_count_hidden":0,"_bbp_reply_count_hidden":0,"_bbp_forum_subforum_count":0,"footnotes":""},"categories":[14],"tags":[90,380,379],"class_list":["post-11860","post","type-post","status-publish","format-standard","hentry","category-5e","tag-5e","tag-lectors","tag-padrins"],"post_mailing_queue_ids":[],"_links":{"self":[{"href":"https:\/\/agora.xtec.cat\/ceipvistaalegre\/wp-json\/wp\/v2\/posts\/11860","targetHints":{"allow":["GET"]}}],"collection":[{"href":"https:\/\/agora.xtec.cat\/ceipvistaalegre\/wp-json\/wp\/v2\/posts"}],"about":[{"href":"https:\/\/agora.xtec.cat\/ceipvistaalegre\/wp-json\/wp\/v2\/types\/post"}],"author":[{"embeddable":true,"href":"https:\/\/agora.xtec.cat\/ceipvistaalegre\/wp-json\/wp\/v2\/users\/41"}],"replies":[{"embeddable":true,"href":"https:\/\/agora.xtec.cat\/ceipvistaalegre\/wp-json\/wp\/v2\/comments?post=11860"}],"version-history":[{"count":3,"href":"https:\/\/agora.xtec.cat\/ceipvistaalegre\/wp-json\/wp\/v2\/posts\/11860\/revisions"}],"predecessor-version":[{"id":11864,"href":"https:\/\/agora.xtec.cat\/ceipvistaalegre\/wp-json\/wp\/v2\/posts\/11860\/revisions\/11864"}],"wp:attachment":[{"href":"https:\/\/agora.xtec.cat\/ceipvistaalegre\/wp-json\/wp\/v2\/media?parent=11860"}],"wp:term":[{"taxonomy":"category","embeddable":true,"href":"https:\/\/agora.xtec.cat\/ceipvistaalegre\/wp-json\/wp\/v2\/categories?post=11860"},{"taxonomy":"post_tag","embeddable":true,"href":"https:\/\/agora.xtec.cat\/ceipvistaalegre\/wp-json\/wp\/v2\/tags?post=11860"}],"curies":[{"name":"wp","href":"https:\/\/api.w.org\/{rel}","templated":true}]}}