{"id":11855,"date":"2025-11-05T10:49:32","date_gmt":"2025-11-05T09:49:32","guid":{"rendered":"https:\/\/agora.xtec.cat\/ceipvistaalegre\/?p=11855"},"modified":"2025-11-05T15:34:05","modified_gmt":"2025-11-05T14:34:05","slug":"visita-a-sant-simo","status":"publish","type":"post","link":"https:\/\/agora.xtec.cat\/ceipvistaalegre\/primaria\/2n\/visita-a-sant-simo\/","title":{"rendered":"Visita a Sant Sim\u00f3"},"content":{"rendered":"<p>M&#8217;ha agradat veure els gegants i el gegant de Sant Sim\u00f3 amb la fusta. Gisele<\/p>\n<p>M&#8217;ha agradat el past\u00eds de Sant Sim\u00f3. El gegant portava una fusta. M&#8217;ha agradat l&#8217;ermita. Ariadna<\/p>\n<p>M&#8217;ha agradat la sortida de Sant Sim\u00f3. M&#8217;ha agradat el past\u00eds. Neizan<\/p>\n<p>M&#8217;ha agradat molt el past\u00eds. El gegant portava el sabre. M&#8217;ha agradat l&#8217;ermita. Leo<\/p>\n<p>M&#8217;ha agradat la sortida perqu\u00e8 m&#8217;han ensenyat l&#8217;esgl\u00e9sia i m&#8217;ha agradat la hist\u00f2ria de Sant Sim\u00f3 i m&#8217;ha agradat el past\u00eds de sabre. Isaac<\/p>\n<p>Hem vist la riera de Sant Sim\u00f3 i hem vist un tresor. Naevia<\/p>\n<p><a href=\"https:\/\/agora.xtec.cat\/ceipvistaalegre\/wp-content\/uploads\/usu1936\/2025\/11\/20251105_104627-scaled.jpg\"><img loading=\"lazy\" decoding=\"async\" class=\"alignleft wp-image-11856\" src=\"https:\/\/agora.xtec.cat\/ceipvistaalegre\/wp-content\/uploads\/usu1936\/2025\/11\/20251105_104627-209x300.jpg\" alt=\"\" width=\"259\" height=\"372\" srcset=\"https:\/\/agora.xtec.cat\/ceipvistaalegre\/wp-content\/uploads\/usu1936\/2025\/11\/20251105_104627-209x300.jpg 209w, https:\/\/agora.xtec.cat\/ceipvistaalegre\/wp-content\/uploads\/usu1936\/2025\/11\/20251105_104627-712x1024.jpg 712w, https:\/\/agora.xtec.cat\/ceipvistaalegre\/wp-content\/uploads\/usu1936\/2025\/11\/20251105_104627-768x1104.jpg 768w, https:\/\/agora.xtec.cat\/ceipvistaalegre\/wp-content\/uploads\/usu1936\/2025\/11\/20251105_104627-1068x1536.jpg 1068w, https:\/\/agora.xtec.cat\/ceipvistaalegre\/wp-content\/uploads\/usu1936\/2025\/11\/20251105_104627-1424x2048.jpg 1424w, https:\/\/agora.xtec.cat\/ceipvistaalegre\/wp-content\/uploads\/usu1936\/2025\/11\/20251105_104627-scaled.jpg 1780w\" sizes=\"auto, (max-width: 259px) 100vw, 259px\" \/><\/a><\/p>\n","protected":false},"excerpt":{"rendered":"<p>M&#8217;ha agradat veure els gegants i el gegant de Sant Sim\u00f3 amb la fusta. Gisele<br \/>\nM&#8217;ha agradat el past\u00eds de Sant Sim\u00f3. El gegant portava una fusta. M&#8217;ha agradat l&#8217;ermita. Ariadna<br \/>\nM&#8217;ha agradat la sortida de Sant Sim\u00f3. M&#8217;ha agradat el past\u00eds. Neizan<br \/>\nM&#8217;ha agradat molt el past\u00eds.&hellip;  <a href=\"https:\/\/agora.xtec.cat\/ceipvistaalegre\/primaria\/2n\/visita-a-sant-simo\/\" title=\"Read Visita a Sant Sim\u00f3\">Llegeix m\u00e9s\u00bb<\/a><\/p>\n","protected":false},"author":7,"featured_media":0,"comment_status":"open","ping_status":"open","sticky":false,"template":"","format":"standard","meta":{"_bbp_topic_count":0,"_bbp_reply_count":0,"_bbp_total_topic_count":0,"_bbp_total_reply_count":0,"_bbp_voice_count":0,"_bbp_anonymous_reply_count":0,"_bbp_topic_count_hidden":0,"_bbp_reply_count_hidden":0,"_bbp_forum_subforum_count":0,"footnotes":""},"categories":[11],"tags":[],"class_list":["post-11855","post","type-post","status-publish","format-standard","hentry","category-2n"],"post_mailing_queue_ids":[],"_links":{"self":[{"href":"https:\/\/agora.xtec.cat\/ceipvistaalegre\/wp-json\/wp\/v2\/posts\/11855","targetHints":{"allow":["GET"]}}],"collection":[{"href":"https:\/\/agora.xtec.cat\/ceipvistaalegre\/wp-json\/wp\/v2\/posts"}],"about":[{"href":"https:\/\/agora.xtec.cat\/ceipvistaalegre\/wp-json\/wp\/v2\/types\/post"}],"author":[{"embeddable":true,"href":"https:\/\/agora.xtec.cat\/ceipvistaalegre\/wp-json\/wp\/v2\/users\/7"}],"replies":[{"embeddable":true,"href":"https:\/\/agora.xtec.cat\/ceipvistaalegre\/wp-json\/wp\/v2\/comments?post=11855"}],"version-history":[{"count":2,"href":"https:\/\/agora.xtec.cat\/ceipvistaalegre\/wp-json\/wp\/v2\/posts\/11855\/revisions"}],"predecessor-version":[{"id":11865,"href":"https:\/\/agora.xtec.cat\/ceipvistaalegre\/wp-json\/wp\/v2\/posts\/11855\/revisions\/11865"}],"wp:attachment":[{"href":"https:\/\/agora.xtec.cat\/ceipvistaalegre\/wp-json\/wp\/v2\/media?parent=11855"}],"wp:term":[{"taxonomy":"category","embeddable":true,"href":"https:\/\/agora.xtec.cat\/ceipvistaalegre\/wp-json\/wp\/v2\/categories?post=11855"},{"taxonomy":"post_tag","embeddable":true,"href":"https:\/\/agora.xtec.cat\/ceipvistaalegre\/wp-json\/wp\/v2\/tags?post=11855"}],"curies":[{"name":"wp","href":"https:\/\/api.w.org\/{rel}","templated":true}]}}