{"id":11848,"date":"2025-11-01T01:55:31","date_gmt":"2025-11-01T00:55:31","guid":{"rendered":"https:\/\/agora.xtec.cat\/ceipvistaalegre\/?p=11848"},"modified":"2025-11-01T01:55:31","modified_gmt":"2025-11-01T00:55:31","slug":"castanyes-moniatos-i-panellets","status":"publish","type":"post","link":"https:\/\/agora.xtec.cat\/ceipvistaalegre\/infantil\/infantil-5-anys\/castanyes-moniatos-i-panellets\/","title":{"rendered":"Castanyes, moniatos i panellets!"},"content":{"rendered":"<p><a href=\"https:\/\/agora.xtec.cat\/ceipvistaalegre\/infantil\/infantil-5-anys\/castanyes-moniatos-i-panellets\/attachment\/img_8854\/\" rel=\"attachment wp-att-11851\"><img loading=\"lazy\" decoding=\"async\" class=\"aligncenter size-full wp-image-11851\" src=\"https:\/\/agora.xtec.cat\/ceipvistaalegre\/wp-content\/uploads\/usu1936\/2025\/11\/IMG_8854-scaled.jpeg\" alt=\"\" width=\"2560\" height=\"2560\" srcset=\"https:\/\/agora.xtec.cat\/ceipvistaalegre\/wp-content\/uploads\/usu1936\/2025\/11\/IMG_8854-scaled.jpeg 2560w, https:\/\/agora.xtec.cat\/ceipvistaalegre\/wp-content\/uploads\/usu1936\/2025\/11\/IMG_8854-300x300.jpeg 300w, https:\/\/agora.xtec.cat\/ceipvistaalegre\/wp-content\/uploads\/usu1936\/2025\/11\/IMG_8854-1024x1024.jpeg 1024w, https:\/\/agora.xtec.cat\/ceipvistaalegre\/wp-content\/uploads\/usu1936\/2025\/11\/IMG_8854-150x150.jpeg 150w, https:\/\/agora.xtec.cat\/ceipvistaalegre\/wp-content\/uploads\/usu1936\/2025\/11\/IMG_8854-768x768.jpeg 768w, https:\/\/agora.xtec.cat\/ceipvistaalegre\/wp-content\/uploads\/usu1936\/2025\/11\/IMG_8854-1536x1536.jpeg 1536w, https:\/\/agora.xtec.cat\/ceipvistaalegre\/wp-content\/uploads\/usu1936\/2025\/11\/IMG_8854-2048x2048.jpeg 2048w\" sizes=\"auto, (max-width: 2560px) 100vw, 2560px\" \/><\/a><br \/>\nAl llarg d&#8217;aquesta setmana, els nens i nenes d&#8217;I5, hem fet diversos racons per con\u00e8ixer millor la festa de la Castanyada.<\/p>\n<ul>\n<li>Consci\u00e8ncia sil.l\u00e0bica i de fonema amb el vocabulari de la castanyada.<\/li>\n<li>Numeraci\u00f3 i c\u00e0lcul amb les safates de panellets.<\/li>\n<li>Collage de la Castanyera a partir de figures geom\u00e8triques i grafisme.<\/li>\n<li>Ordenar la seq\u00fc\u00e8ncia temporal del creixement de la castanya.<\/li>\n<li>Grafisme creatiu decorant la Castanyera.<\/li>\n<li>Numeraci\u00f3 i grafia amb el veig veig.<\/li>\n<li>Ordenar segons la mida de les castanyeres.<\/li>\n<li>Paradeta de castanyes i moniatos on hem treballat: expressi\u00f3 oral, numeraci\u00f3, comptatge, operacions, introducci\u00f3 de l&#8217;euro i motricitat fina.<\/li>\n<li>Narraci\u00f3 de contes sobre la castanyada.<\/li>\n<\/ul>\n<p>Hem acabat la setmana amb l&#8217;arribada de la Castanyera Pepeta que ens ha convidat a esmorzar castanyes a cantar i ballar les seves can\u00e7ons preferides. Per la tarda hem fet el tastet de fruites i fruits de tardor.<br \/>\nN&#8217;hem \u00a0gaudit molt!<\/p>\n","protected":false},"excerpt":{"rendered":"<p><a href=\"https:\/\/agora.xtec.cat\/ceipvistaalegre\/infantil\/infantil-5-anys\/castanyes-moniatos-i-panellets\/attachment\/img_8854\/\" rel=\"attachment wp-att-11851\"><\/a><br \/>\nAl llarg d&#8217;aquesta setmana, els nens i nenes d&#8217;I5, hem fet diversos racons per con\u00e8ixer millor la festa de la Castanyada.<\/p>\n<ul>\n<li>Consci\u00e8ncia sil.l\u00e0bica i de fonema amb el vocabulari de la castanyada.<\/li>\n<li>Numeraci\u00f3 i c\u00e0lcul amb les safates de panellets.<\/li>\n<li>Collage de la Castanyera a&hellip;  <a href=\"https:\/\/agora.xtec.cat\/ceipvistaalegre\/infantil\/infantil-5-anys\/castanyes-moniatos-i-panellets\/\" title=\"Read Castanyes, moniatos i panellets!\">Llegeix m\u00e9s\u00bb<\/a><br \/>\n","protected":false},"author":4,"featured_media":0,"comment_status":"open","ping_status":"open","sticky":false,"template":"","format":"standard","meta":{"_bbp_topic_count":0,"_bbp_reply_count":0,"_bbp_total_topic_count":0,"_bbp_total_reply_count":0,"_bbp_voice_count":0,"_bbp_anonymous_reply_count":0,"_bbp_topic_count_hidden":0,"_bbp_reply_count_hidden":0,"_bbp_forum_subforum_count":0,"footnotes":""},"categories":[225],"tags":[378,300,318,355],"class_list":["post-11848","post","type-post","status-publish","format-standard","hentry","category-infantil-5-anys","tag-castanyada-2025","tag-comunicacio-i-llenguatge","tag-descoberta-de-lentorn","tag-festes-i-tradicions"],"post_mailing_queue_ids":[],"_links":{"self":[{"href":"https:\/\/agora.xtec.cat\/ceipvistaalegre\/wp-json\/wp\/v2\/posts\/11848","targetHints":{"allow":["GET"]}}],"collection":[{"href":"https:\/\/agora.xtec.cat\/ceipvistaalegre\/wp-json\/wp\/v2\/posts"}],"about":[{"href":"https:\/\/agora.xtec.cat\/ceipvistaalegre\/wp-json\/wp\/v2\/types\/post"}],"author":[{"embeddable":true,"href":"https:\/\/agora.xtec.cat\/ceipvistaalegre\/wp-json\/wp\/v2\/users\/4"}],"replies":[{"embeddable":true,"href":"https:\/\/agora.xtec.cat\/ceipvistaalegre\/wp-json\/wp\/v2\/comments?post=11848"}],"version-history":[{"count":5,"href":"https:\/\/agora.xtec.cat\/ceipvistaalegre\/wp-json\/wp\/v2\/posts\/11848\/revisions"}],"predecessor-version":[{"id":11854,"href":"https:\/\/agora.xtec.cat\/ceipvistaalegre\/wp-json\/wp\/v2\/posts\/11848\/revisions\/11854"}],"wp:attachment":[{"href":"https:\/\/agora.xtec.cat\/ceipvistaalegre\/wp-json\/wp\/v2\/media?parent=11848"}],"wp:term":[{"taxonomy":"category","embeddable":true,"href":"https:\/\/agora.xtec.cat\/ceipvistaalegre\/wp-json\/wp\/v2\/categories?post=11848"},{"taxonomy":"post_tag","embeddable":true,"href":"https:\/\/agora.xtec.cat\/ceipvistaalegre\/wp-json\/wp\/v2\/tags?post=11848"}],"curies":[{"name":"wp","href":"https:\/\/api.w.org\/{rel}","templated":true}]}}