{"id":11827,"date":"2025-10-30T12:31:20","date_gmt":"2025-10-30T11:31:20","guid":{"rendered":"https:\/\/agora.xtec.cat\/ceipvistaalegre\/?p=11827"},"modified":"2025-10-30T12:31:20","modified_gmt":"2025-10-30T11:31:20","slug":"taller-sobre-el-bullying","status":"publish","type":"post","link":"https:\/\/agora.xtec.cat\/ceipvistaalegre\/primaria\/4t\/taller-sobre-el-bullying\/","title":{"rendered":"Taller sobre el Bullying"},"content":{"rendered":"<p>Qu\u00e8 \u00e9s el l&#8217;assetjament escolar? Qu\u00e8 podem fer si detectem que alg\u00fa ho est\u00e0 fent?<\/p>\n<p>Els nens i nenes de 4t hem anat fins a la comissaria de la Policia Local de Matar\u00f3 per fer un taller sobre el <em>bullying<\/em>. Mitjan\u00e7ant diferents activitats cooperatives els infants han pogut debatre entre ells tots aquests conceptes. Despr\u00e9s el policia ens ha ajudat a posar-ho tot en com\u00fa i entendre exactament qu\u00e8 \u00e9s, com detectar-lo i saber qu\u00e8 podem fer en cas de trobar-nos davant d&#8217;un cas aix\u00ed.<\/p>\n<p><a href=\"https:\/\/agora.xtec.cat\/ceipvistaalegre\/wp-content\/uploads\/usu1936\/2025\/10\/IMG_6977-rotated.jpg\"><img loading=\"lazy\" decoding=\"async\" class=\"aligncenter wp-image-11831 size-large\" src=\"https:\/\/agora.xtec.cat\/ceipvistaalegre\/wp-content\/uploads\/usu1936\/2025\/10\/IMG_6977-rotated-e1761823832383-714x1024.jpg\" alt=\"\" width=\"714\" height=\"1024\" srcset=\"https:\/\/agora.xtec.cat\/ceipvistaalegre\/wp-content\/uploads\/usu1936\/2025\/10\/IMG_6977-rotated-e1761823832383-714x1024.jpg 714w, https:\/\/agora.xtec.cat\/ceipvistaalegre\/wp-content\/uploads\/usu1936\/2025\/10\/IMG_6977-rotated-e1761823832383-209x300.jpg 209w, https:\/\/agora.xtec.cat\/ceipvistaalegre\/wp-content\/uploads\/usu1936\/2025\/10\/IMG_6977-rotated-e1761823832383-768x1101.jpg 768w, https:\/\/agora.xtec.cat\/ceipvistaalegre\/wp-content\/uploads\/usu1936\/2025\/10\/IMG_6977-rotated-e1761823832383-1071x1536.jpg 1071w, https:\/\/agora.xtec.cat\/ceipvistaalegre\/wp-content\/uploads\/usu1936\/2025\/10\/IMG_6977-rotated-e1761823832383.jpg 1294w\" sizes=\"auto, (max-width: 714px) 100vw, 714px\" \/><\/a><\/p>\n","protected":false},"excerpt":{"rendered":"<p>Qu\u00e8 \u00e9s el l&#8217;assetjament escolar? Qu\u00e8 podem fer si detectem que alg\u00fa ho est\u00e0 fent?<br \/>\nEls nens i nenes de 4t hem anat fins a la comissaria de la Policia Local de Matar\u00f3 per fer un taller sobre el bullying. Mitjan\u00e7ant diferents activitats cooperatives els infants&hellip;  <a href=\"https:\/\/agora.xtec.cat\/ceipvistaalegre\/primaria\/4t\/taller-sobre-el-bullying\/\" title=\"Read Taller sobre el Bullying\">Llegeix m\u00e9s\u00bb<\/a><\/p>\n","protected":false},"author":22,"featured_media":0,"comment_status":"open","ping_status":"open","sticky":false,"template":"","format":"standard","meta":{"_bbp_topic_count":0,"_bbp_reply_count":0,"_bbp_total_topic_count":0,"_bbp_total_reply_count":0,"_bbp_voice_count":0,"_bbp_anonymous_reply_count":0,"_bbp_topic_count_hidden":0,"_bbp_reply_count_hidden":0,"_bbp_forum_subforum_count":0,"footnotes":""},"categories":[13],"tags":[],"class_list":["post-11827","post","type-post","status-publish","format-standard","hentry","category-4t"],"post_mailing_queue_ids":[],"_links":{"self":[{"href":"https:\/\/agora.xtec.cat\/ceipvistaalegre\/wp-json\/wp\/v2\/posts\/11827","targetHints":{"allow":["GET"]}}],"collection":[{"href":"https:\/\/agora.xtec.cat\/ceipvistaalegre\/wp-json\/wp\/v2\/posts"}],"about":[{"href":"https:\/\/agora.xtec.cat\/ceipvistaalegre\/wp-json\/wp\/v2\/types\/post"}],"author":[{"embeddable":true,"href":"https:\/\/agora.xtec.cat\/ceipvistaalegre\/wp-json\/wp\/v2\/users\/22"}],"replies":[{"embeddable":true,"href":"https:\/\/agora.xtec.cat\/ceipvistaalegre\/wp-json\/wp\/v2\/comments?post=11827"}],"version-history":[{"count":2,"href":"https:\/\/agora.xtec.cat\/ceipvistaalegre\/wp-json\/wp\/v2\/posts\/11827\/revisions"}],"predecessor-version":[{"id":11835,"href":"https:\/\/agora.xtec.cat\/ceipvistaalegre\/wp-json\/wp\/v2\/posts\/11827\/revisions\/11835"}],"wp:attachment":[{"href":"https:\/\/agora.xtec.cat\/ceipvistaalegre\/wp-json\/wp\/v2\/media?parent=11827"}],"wp:term":[{"taxonomy":"category","embeddable":true,"href":"https:\/\/agora.xtec.cat\/ceipvistaalegre\/wp-json\/wp\/v2\/categories?post=11827"},{"taxonomy":"post_tag","embeddable":true,"href":"https:\/\/agora.xtec.cat\/ceipvistaalegre\/wp-json\/wp\/v2\/tags?post=11827"}],"curies":[{"name":"wp","href":"https:\/\/api.w.org\/{rel}","templated":true}]}}