{"id":11808,"date":"2025-10-28T14:46:47","date_gmt":"2025-10-28T13:46:47","guid":{"rendered":"https:\/\/agora.xtec.cat\/ceipvistaalegre\/?p=11808"},"modified":"2025-11-20T12:00:26","modified_gmt":"2025-11-20T11:00:26","slug":"eleccions-consell-escolar-2025","status":"publish","type":"post","link":"https:\/\/agora.xtec.cat\/ceipvistaalegre\/portada\/eleccions-consell-escolar-2025\/","title":{"rendered":"ELECCIONS CONSELL ESCOLAR 2025"},"content":{"rendered":"<p>El Consell Escolar \u00e9s l\u2019\u00f2rgan col\u00b7legiat de govern de l\u2019Institut on hi s\u00f3n representats tots els sectors directament implicats en l\u2019activitat educativa. La funci\u00f3 principal del consell escolar \u00e9s participar en la presa de decisions en relaci\u00f3 amb aquells temes importants per al funcionament i l\u2019organitzaci\u00f3 del centre.<\/p>\n<p>Els membres del Consell Escolar s\u00f3n escollits per quatre anys. Cada dos anys es renova la meitat dels membres representants.<\/p>\n<p>A partir del 27 d&#8217;octubre, s&#8217;inicia la convocat\u00f2ria d&#8217;eleccions al Consell Escolar per tal de renovar <strong>parcialment<\/strong> els seus representants.<\/p>\n<p>El nombre de representants que es renoven en la present convocat\u00f2ria s\u00f3n:<\/p>\n<ul>\n<li>2 representants del sector pares i mares i tutors legals<\/li>\n<li>3 representants del sectors mestres<\/li>\n<li>1 representant del sector AMPA<\/li>\n<li>1 representant del sector PAE<\/li>\n<\/ul>\n<p>Des d\u2019aqu\u00ed animem a tots els membres de la nostra comunitat educativa (mares, pares, tutors legals i mestres) a participar activament en tot el proc\u00e9s, presentant les seves candidatures.<\/p>\n<p><a href=\"https:\/\/agora.xtec.cat\/ceipvistaalegre\/wp-content\/uploads\/usu1936\/2025\/10\/Eleccions_escolars.jpg\"><img loading=\"lazy\" decoding=\"async\" class=\" wp-image-11811 aligncenter\" src=\"https:\/\/agora.xtec.cat\/ceipvistaalegre\/wp-content\/uploads\/usu1936\/2025\/10\/Eleccions_escolars.jpg\" alt=\"\" width=\"523\" height=\"739\" srcset=\"https:\/\/agora.xtec.cat\/ceipvistaalegre\/wp-content\/uploads\/usu1936\/2025\/10\/Eleccions_escolars.jpg 725w, https:\/\/agora.xtec.cat\/ceipvistaalegre\/wp-content\/uploads\/usu1936\/2025\/10\/Eleccions_escolars-212x300.jpg 212w\" sizes=\"auto, (max-width: 523px) 100vw, 523px\" \/><\/a><\/p>\n","protected":false},"excerpt":{"rendered":"<p>El Consell Escolar \u00e9s l\u2019\u00f2rgan col\u00b7legiat de govern de l\u2019Institut on hi s\u00f3n representats tots els sectors directament implicats en l\u2019activitat educativa. La funci\u00f3 principal del consell escolar \u00e9s participar en la presa de decisions en relaci\u00f3 amb aquells temes importants per al funcionament i&hellip;  <a href=\"https:\/\/agora.xtec.cat\/ceipvistaalegre\/portada\/eleccions-consell-escolar-2025\/\" title=\"Read ELECCIONS CONSELL ESCOLAR 2025\">Llegeix m\u00e9s\u00bb<\/a><\/p>\n","protected":false},"author":3,"featured_media":0,"comment_status":"open","ping_status":"open","sticky":false,"template":"","format":"standard","meta":{"_bbp_topic_count":0,"_bbp_reply_count":0,"_bbp_total_topic_count":0,"_bbp_total_reply_count":0,"_bbp_voice_count":0,"_bbp_anonymous_reply_count":0,"_bbp_topic_count_hidden":0,"_bbp_reply_count_hidden":0,"_bbp_forum_subforum_count":0,"footnotes":""},"categories":[4],"tags":[],"class_list":["post-11808","post","type-post","status-publish","format-standard","hentry","category-portada"],"post_mailing_queue_ids":[],"_links":{"self":[{"href":"https:\/\/agora.xtec.cat\/ceipvistaalegre\/wp-json\/wp\/v2\/posts\/11808","targetHints":{"allow":["GET"]}}],"collection":[{"href":"https:\/\/agora.xtec.cat\/ceipvistaalegre\/wp-json\/wp\/v2\/posts"}],"about":[{"href":"https:\/\/agora.xtec.cat\/ceipvistaalegre\/wp-json\/wp\/v2\/types\/post"}],"author":[{"embeddable":true,"href":"https:\/\/agora.xtec.cat\/ceipvistaalegre\/wp-json\/wp\/v2\/users\/3"}],"replies":[{"embeddable":true,"href":"https:\/\/agora.xtec.cat\/ceipvistaalegre\/wp-json\/wp\/v2\/comments?post=11808"}],"version-history":[{"count":3,"href":"https:\/\/agora.xtec.cat\/ceipvistaalegre\/wp-json\/wp\/v2\/posts\/11808\/revisions"}],"predecessor-version":[{"id":11870,"href":"https:\/\/agora.xtec.cat\/ceipvistaalegre\/wp-json\/wp\/v2\/posts\/11808\/revisions\/11870"}],"wp:attachment":[{"href":"https:\/\/agora.xtec.cat\/ceipvistaalegre\/wp-json\/wp\/v2\/media?parent=11808"}],"wp:term":[{"taxonomy":"category","embeddable":true,"href":"https:\/\/agora.xtec.cat\/ceipvistaalegre\/wp-json\/wp\/v2\/categories?post=11808"},{"taxonomy":"post_tag","embeddable":true,"href":"https:\/\/agora.xtec.cat\/ceipvistaalegre\/wp-json\/wp\/v2\/tags?post=11808"}],"curies":[{"name":"wp","href":"https:\/\/api.w.org\/{rel}","templated":true}]}}