{"id":11788,"date":"2025-10-18T00:29:44","date_gmt":"2025-10-17T22:29:44","guid":{"rendered":"https:\/\/agora.xtec.cat\/ceipvistaalegre\/?p=11788"},"modified":"2025-10-18T00:29:44","modified_gmt":"2025-10-17T22:29:44","slug":"les-faves","status":"publish","type":"post","link":"https:\/\/agora.xtec.cat\/ceipvistaalegre\/infantil\/infantil-5-anys\/les-faves\/","title":{"rendered":"Les faves."},"content":{"rendered":"<p><a href=\"https:\/\/agora.xtec.cat\/ceipvistaalegre\/infantil\/infantil-5-anys\/les-faves\/attachment\/img_8518\/\" rel=\"attachment wp-att-11789\"><img loading=\"lazy\" decoding=\"async\" class=\"aligncenter size-full wp-image-11789\" src=\"https:\/\/agora.xtec.cat\/ceipvistaalegre\/wp-content\/uploads\/usu1936\/2025\/10\/IMG_8518.jpeg\" alt=\"\" width=\"1600\" height=\"1600\" srcset=\"https:\/\/agora.xtec.cat\/ceipvistaalegre\/wp-content\/uploads\/usu1936\/2025\/10\/IMG_8518.jpeg 1600w, https:\/\/agora.xtec.cat\/ceipvistaalegre\/wp-content\/uploads\/usu1936\/2025\/10\/IMG_8518-300x300.jpeg 300w, https:\/\/agora.xtec.cat\/ceipvistaalegre\/wp-content\/uploads\/usu1936\/2025\/10\/IMG_8518-1024x1024.jpeg 1024w, https:\/\/agora.xtec.cat\/ceipvistaalegre\/wp-content\/uploads\/usu1936\/2025\/10\/IMG_8518-150x150.jpeg 150w, https:\/\/agora.xtec.cat\/ceipvistaalegre\/wp-content\/uploads\/usu1936\/2025\/10\/IMG_8518-768x768.jpeg 768w, https:\/\/agora.xtec.cat\/ceipvistaalegre\/wp-content\/uploads\/usu1936\/2025\/10\/IMG_8518-1536x1536.jpeg 1536w\" sizes=\"auto, (max-width: 1600px) 100vw, 1600px\" \/><\/a><\/p>\n<p>Aquesta setmana hem plantat faves. Primer hem observat els petits brots del planter amb les seves fulles tendres i les arrels comen\u00e7ant a cr\u00e9ixer.<br \/>\nDespr\u00e9s, hem fet la distribuci\u00f3 al bancal perqu\u00e8 quan creixin les faves tinguin prou espai.<br \/>\nFinalment, hem excavat els forats on hem plantat els brots.<br \/>\nAra toca tenir-ne cura i anar observant els canvis que s&#8217;aniran produint.<\/p>\n<p>&nbsp;<\/p>\n","protected":false},"excerpt":{"rendered":"<p><a href=\"https:\/\/agora.xtec.cat\/ceipvistaalegre\/infantil\/infantil-5-anys\/les-faves\/attachment\/img_8518\/\" rel=\"attachment wp-att-11789\"><\/a><br \/>\nAquesta setmana hem plantat faves. Primer hem observat els petits brots del planter amb les seves fulles tendres i les arrels comen\u00e7ant a cr\u00e9ixer.<br \/>\nDespr\u00e9s, hem fet la distribuci\u00f3 al bancal perqu\u00e8 quan creixin les faves tinguin prou espai.<br \/>\nFinalment, hem excavat els forats&hellip;  <a href=\"https:\/\/agora.xtec.cat\/ceipvistaalegre\/infantil\/infantil-5-anys\/les-faves\/\" title=\"Read Les faves.\">Llegeix m\u00e9s\u00bb<\/a><\/p>\n","protected":false},"author":4,"featured_media":0,"comment_status":"open","ping_status":"open","sticky":false,"template":"","format":"standard","meta":{"_bbp_topic_count":0,"_bbp_reply_count":0,"_bbp_total_topic_count":0,"_bbp_total_reply_count":0,"_bbp_voice_count":0,"_bbp_anonymous_reply_count":0,"_bbp_topic_count_hidden":0,"_bbp_reply_count_hidden":0,"_bbp_forum_subforum_count":0,"footnotes":""},"categories":[225],"tags":[318,376,187],"class_list":["post-11788","post","type-post","status-publish","format-standard","hentry","category-infantil-5-anys","tag-descoberta-de-lentorn","tag-faves","tag-hort"],"post_mailing_queue_ids":[],"_links":{"self":[{"href":"https:\/\/agora.xtec.cat\/ceipvistaalegre\/wp-json\/wp\/v2\/posts\/11788","targetHints":{"allow":["GET"]}}],"collection":[{"href":"https:\/\/agora.xtec.cat\/ceipvistaalegre\/wp-json\/wp\/v2\/posts"}],"about":[{"href":"https:\/\/agora.xtec.cat\/ceipvistaalegre\/wp-json\/wp\/v2\/types\/post"}],"author":[{"embeddable":true,"href":"https:\/\/agora.xtec.cat\/ceipvistaalegre\/wp-json\/wp\/v2\/users\/4"}],"replies":[{"embeddable":true,"href":"https:\/\/agora.xtec.cat\/ceipvistaalegre\/wp-json\/wp\/v2\/comments?post=11788"}],"version-history":[{"count":3,"href":"https:\/\/agora.xtec.cat\/ceipvistaalegre\/wp-json\/wp\/v2\/posts\/11788\/revisions"}],"predecessor-version":[{"id":11792,"href":"https:\/\/agora.xtec.cat\/ceipvistaalegre\/wp-json\/wp\/v2\/posts\/11788\/revisions\/11792"}],"wp:attachment":[{"href":"https:\/\/agora.xtec.cat\/ceipvistaalegre\/wp-json\/wp\/v2\/media?parent=11788"}],"wp:term":[{"taxonomy":"category","embeddable":true,"href":"https:\/\/agora.xtec.cat\/ceipvistaalegre\/wp-json\/wp\/v2\/categories?post=11788"},{"taxonomy":"post_tag","embeddable":true,"href":"https:\/\/agora.xtec.cat\/ceipvistaalegre\/wp-json\/wp\/v2\/tags?post=11788"}],"curies":[{"name":"wp","href":"https:\/\/api.w.org\/{rel}","templated":true}]}}