{"id":11785,"date":"2025-10-16T15:06:02","date_gmt":"2025-10-16T13:06:02","guid":{"rendered":"https:\/\/agora.xtec.cat\/ceipvistaalegre\/?p=11785"},"modified":"2025-10-25T17:43:10","modified_gmt":"2025-10-25T15:43:10","slug":"plantem-faves","status":"publish","type":"post","link":"https:\/\/agora.xtec.cat\/ceipvistaalegre\/infantil\/infantil-3-anys\/plantem-faves\/","title":{"rendered":"PLANTEM FAVES"},"content":{"rendered":"<p><span style=\"font-family: inherit; font-size: 1em;\">Aquesta setmana amb els nens i nenes de I3\u00a0 hem anat per primer cop a l&#8217;hort .\u00a0 A nosaltres ens ha tocat plantar les FAVES juntament amb els infants de I5, amb molta il\u00b7lusi\u00f3 i curiositat hem comen\u00e7at tot el proc\u00e9s .Hem fet de pagesos!<\/span><\/p>\n<p>Ja ten\u00edem el bancal i el planter preparat, hem fet un forat i hem posat la planteta a dins l&#8217;hem cobert de terra i finalment ho hem regat. Setmanalment anirem a l&#8217;hort a tenir cura de les faves, les regarem i les cuidarem i aix\u00ed\u00a0 veurem com van creixent. A la primavera\u00a0 esperem fer un bon tastet.<\/p>\n<p>L&#8217;hort \u00e9s un espai educatiu d&#8217;experimentaci\u00f3 i de creixement ideal i comporta\u00a0 per als infants i molts beneficis. Es tracta d&#8217;un espai privilegiat per manipular, experimentar, gaudir del contacte amb la natura, etc<\/p>\n<p>Tenir cura d&#8217;un hort \u00e9s una experi\u00e8ncia molt enriquidora pels infants, l&#8217;hort \u00e9s VIDA<\/p>\n<p>&nbsp;<\/p>\n<p><a href=\"https:\/\/agora.xtec.cat\/ceipvistaalegre\/wp-content\/uploads\/usu1936\/2025\/10\/IMG_20251015_082844-2-scaled.jpg\"><img loading=\"lazy\" decoding=\"async\" class=\"wp-image-11786 aligncenter\" src=\"https:\/\/agora.xtec.cat\/ceipvistaalegre\/wp-content\/uploads\/usu1936\/2025\/10\/IMG_20251015_082844-2-768x1024.jpg\" alt=\"\" width=\"452\" height=\"603\" srcset=\"https:\/\/agora.xtec.cat\/ceipvistaalegre\/wp-content\/uploads\/usu1936\/2025\/10\/IMG_20251015_082844-2-768x1024.jpg 768w, https:\/\/agora.xtec.cat\/ceipvistaalegre\/wp-content\/uploads\/usu1936\/2025\/10\/IMG_20251015_082844-2-225x300.jpg 225w, https:\/\/agora.xtec.cat\/ceipvistaalegre\/wp-content\/uploads\/usu1936\/2025\/10\/IMG_20251015_082844-2-1152x1536.jpg 1152w, https:\/\/agora.xtec.cat\/ceipvistaalegre\/wp-content\/uploads\/usu1936\/2025\/10\/IMG_20251015_082844-2-1536x2048.jpg 1536w, https:\/\/agora.xtec.cat\/ceipvistaalegre\/wp-content\/uploads\/usu1936\/2025\/10\/IMG_20251015_082844-2-scaled.jpg 1920w\" sizes=\"auto, (max-width: 452px) 100vw, 452px\" \/><\/a><\/p>\n","protected":false},"excerpt":{"rendered":"<p>Aquesta setmana amb els nens i nenes de I3\u00a0 hem anat per primer cop a l&#8217;hort .\u00a0 A nosaltres ens ha tocat plantar les FAVES juntament amb els infants de I5, amb molta il\u00b7lusi\u00f3 i curiositat hem comen\u00e7at tot el proc\u00e9s .Hem fet de pagesos!<br \/>\nJa&hellip;  <a href=\"https:\/\/agora.xtec.cat\/ceipvistaalegre\/infantil\/infantil-3-anys\/plantem-faves\/\" title=\"Read PLANTEM FAVES\">Llegeix m\u00e9s\u00bb<\/a><\/p>\n","protected":false},"author":25,"featured_media":0,"comment_status":"open","ping_status":"open","sticky":false,"template":"","format":"standard","meta":{"_bbp_topic_count":0,"_bbp_reply_count":0,"_bbp_total_topic_count":0,"_bbp_total_reply_count":0,"_bbp_voice_count":0,"_bbp_anonymous_reply_count":0,"_bbp_topic_count_hidden":0,"_bbp_reply_count_hidden":0,"_bbp_forum_subforum_count":0,"footnotes":""},"categories":[3],"tags":[],"class_list":["post-11785","post","type-post","status-publish","format-standard","hentry","category-infantil-3-anys"],"post_mailing_queue_ids":[],"_links":{"self":[{"href":"https:\/\/agora.xtec.cat\/ceipvistaalegre\/wp-json\/wp\/v2\/posts\/11785","targetHints":{"allow":["GET"]}}],"collection":[{"href":"https:\/\/agora.xtec.cat\/ceipvistaalegre\/wp-json\/wp\/v2\/posts"}],"about":[{"href":"https:\/\/agora.xtec.cat\/ceipvistaalegre\/wp-json\/wp\/v2\/types\/post"}],"author":[{"embeddable":true,"href":"https:\/\/agora.xtec.cat\/ceipvistaalegre\/wp-json\/wp\/v2\/users\/25"}],"replies":[{"embeddable":true,"href":"https:\/\/agora.xtec.cat\/ceipvistaalegre\/wp-json\/wp\/v2\/comments?post=11785"}],"version-history":[{"count":3,"href":"https:\/\/agora.xtec.cat\/ceipvistaalegre\/wp-json\/wp\/v2\/posts\/11785\/revisions"}],"predecessor-version":[{"id":11807,"href":"https:\/\/agora.xtec.cat\/ceipvistaalegre\/wp-json\/wp\/v2\/posts\/11785\/revisions\/11807"}],"wp:attachment":[{"href":"https:\/\/agora.xtec.cat\/ceipvistaalegre\/wp-json\/wp\/v2\/media?parent=11785"}],"wp:term":[{"taxonomy":"category","embeddable":true,"href":"https:\/\/agora.xtec.cat\/ceipvistaalegre\/wp-json\/wp\/v2\/categories?post=11785"},{"taxonomy":"post_tag","embeddable":true,"href":"https:\/\/agora.xtec.cat\/ceipvistaalegre\/wp-json\/wp\/v2\/tags?post=11785"}],"curies":[{"name":"wp","href":"https:\/\/api.w.org\/{rel}","templated":true}]}}