{"id":11782,"date":"2025-10-14T15:47:54","date_gmt":"2025-10-14T13:47:54","guid":{"rendered":"https:\/\/agora.xtec.cat\/ceipvistaalegre\/?p=11782"},"modified":"2025-10-14T15:47:54","modified_gmt":"2025-10-14T13:47:54","slug":"mosaic-de-tardor","status":"publish","type":"post","link":"https:\/\/agora.xtec.cat\/ceipvistaalegre\/primaria\/la-classe-dels-pirates\/mosaic-de-tardor\/","title":{"rendered":"Mosaic de tardor"},"content":{"rendered":"<p>Amb motiu de l\u2019arribada de la tardor, l\u2019alumnat de 3r ha fet una activitat pl\u00e0stica centrada en la creaci\u00f3 d\u2019un mosaic elaborat amb papers de colors t\u00edpics d&#8217;aquesta estaci\u00f3 de l&#8217;any.<\/p>\n<p>Una proposta per fomentar l\u2019expressi\u00f3 art\u00edstica i la valoraci\u00f3 dels canvis estacionals a trav\u00e9s de l\u2019art. El resultat servir\u00e0 de decoraci\u00f3 d&#8217;alguns racons de l&#8217;escola.<\/p>\n<p><a href=\"https:\/\/agora.xtec.cat\/ceipvistaalegre\/wp-content\/uploads\/usu1936\/2025\/10\/White-Blue-Minimalist-Geometric-Photo-Collage-Your-Story.jpg\"><img loading=\"lazy\" decoding=\"async\" class=\" wp-image-11783 aligncenter\" src=\"https:\/\/agora.xtec.cat\/ceipvistaalegre\/wp-content\/uploads\/usu1936\/2025\/10\/White-Blue-Minimalist-Geometric-Photo-Collage-Your-Story-576x1024.jpg\" alt=\"\" width=\"536\" height=\"953\" srcset=\"https:\/\/agora.xtec.cat\/ceipvistaalegre\/wp-content\/uploads\/usu1936\/2025\/10\/White-Blue-Minimalist-Geometric-Photo-Collage-Your-Story-576x1024.jpg 576w, https:\/\/agora.xtec.cat\/ceipvistaalegre\/wp-content\/uploads\/usu1936\/2025\/10\/White-Blue-Minimalist-Geometric-Photo-Collage-Your-Story-169x300.jpg 169w, https:\/\/agora.xtec.cat\/ceipvistaalegre\/wp-content\/uploads\/usu1936\/2025\/10\/White-Blue-Minimalist-Geometric-Photo-Collage-Your-Story-768x1365.jpg 768w, https:\/\/agora.xtec.cat\/ceipvistaalegre\/wp-content\/uploads\/usu1936\/2025\/10\/White-Blue-Minimalist-Geometric-Photo-Collage-Your-Story-864x1536.jpg 864w, https:\/\/agora.xtec.cat\/ceipvistaalegre\/wp-content\/uploads\/usu1936\/2025\/10\/White-Blue-Minimalist-Geometric-Photo-Collage-Your-Story.jpg 1080w\" sizes=\"auto, (max-width: 536px) 100vw, 536px\" \/><\/a><\/p>\n","protected":false},"excerpt":{"rendered":"<p>Amb motiu de l\u2019arribada de la tardor, l\u2019alumnat de 3r ha fet una activitat pl\u00e0stica centrada en la creaci\u00f3 d\u2019un mosaic elaborat amb papers de colors t\u00edpics d&#8217;aquesta estaci\u00f3 de l&#8217;any.<br \/>\nUna proposta per fomentar l\u2019expressi\u00f3 art\u00edstica i la valoraci\u00f3 dels canvis estacionals a trav\u00e9s de&hellip;  <a href=\"https:\/\/agora.xtec.cat\/ceipvistaalegre\/primaria\/la-classe-dels-pirates\/mosaic-de-tardor\/\" title=\"Read Mosaic de tardor\">Llegeix m\u00e9s\u00bb<\/a><\/p>\n","protected":false},"author":3,"featured_media":0,"comment_status":"open","ping_status":"open","sticky":false,"template":"","format":"standard","meta":{"_bbp_topic_count":0,"_bbp_reply_count":0,"_bbp_total_topic_count":0,"_bbp_total_reply_count":0,"_bbp_voice_count":0,"_bbp_anonymous_reply_count":0,"_bbp_topic_count_hidden":0,"_bbp_reply_count_hidden":0,"_bbp_forum_subforum_count":0,"footnotes":""},"categories":[12],"tags":[],"class_list":["post-11782","post","type-post","status-publish","format-standard","hentry","category-la-classe-dels-pirates"],"post_mailing_queue_ids":[],"_links":{"self":[{"href":"https:\/\/agora.xtec.cat\/ceipvistaalegre\/wp-json\/wp\/v2\/posts\/11782","targetHints":{"allow":["GET"]}}],"collection":[{"href":"https:\/\/agora.xtec.cat\/ceipvistaalegre\/wp-json\/wp\/v2\/posts"}],"about":[{"href":"https:\/\/agora.xtec.cat\/ceipvistaalegre\/wp-json\/wp\/v2\/types\/post"}],"author":[{"embeddable":true,"href":"https:\/\/agora.xtec.cat\/ceipvistaalegre\/wp-json\/wp\/v2\/users\/3"}],"replies":[{"embeddable":true,"href":"https:\/\/agora.xtec.cat\/ceipvistaalegre\/wp-json\/wp\/v2\/comments?post=11782"}],"version-history":[{"count":1,"href":"https:\/\/agora.xtec.cat\/ceipvistaalegre\/wp-json\/wp\/v2\/posts\/11782\/revisions"}],"predecessor-version":[{"id":11784,"href":"https:\/\/agora.xtec.cat\/ceipvistaalegre\/wp-json\/wp\/v2\/posts\/11782\/revisions\/11784"}],"wp:attachment":[{"href":"https:\/\/agora.xtec.cat\/ceipvistaalegre\/wp-json\/wp\/v2\/media?parent=11782"}],"wp:term":[{"taxonomy":"category","embeddable":true,"href":"https:\/\/agora.xtec.cat\/ceipvistaalegre\/wp-json\/wp\/v2\/categories?post=11782"},{"taxonomy":"post_tag","embeddable":true,"href":"https:\/\/agora.xtec.cat\/ceipvistaalegre\/wp-json\/wp\/v2\/tags?post=11782"}],"curies":[{"name":"wp","href":"https:\/\/api.w.org\/{rel}","templated":true}]}}