{"id":11754,"date":"2025-10-08T20:14:44","date_gmt":"2025-10-08T18:14:44","guid":{"rendered":"https:\/\/agora.xtec.cat\/ceipvistaalegre\/?p=11754"},"modified":"2025-10-08T20:14:44","modified_gmt":"2025-10-08T18:14:44","slug":"experimentem-amb-la-curcuma","status":"publish","type":"post","link":"https:\/\/agora.xtec.cat\/ceipvistaalegre\/infantil\/infantil-5-anys\/experimentem-amb-la-curcuma\/","title":{"rendered":"Experimentem amb la c\u00farcuma."},"content":{"rendered":"<p><a href=\"https:\/\/agora.xtec.cat\/ceipvistaalegre\/infantil\/infantil-5-anys\/experimentem-amb-la-curcuma\/attachment\/photo-output-20-1\/\" rel=\"attachment wp-att-11755\"><img loading=\"lazy\" decoding=\"async\" class=\"aligncenter size-full wp-image-11755\" src=\"https:\/\/agora.xtec.cat\/ceipvistaalegre\/wp-content\/uploads\/usu1936\/2025\/10\/photo-output-20-1-scaled.jpg\" alt=\"\" width=\"2560\" height=\"2560\" srcset=\"https:\/\/agora.xtec.cat\/ceipvistaalegre\/wp-content\/uploads\/usu1936\/2025\/10\/photo-output-20-1-scaled.jpg 2560w, https:\/\/agora.xtec.cat\/ceipvistaalegre\/wp-content\/uploads\/usu1936\/2025\/10\/photo-output-20-1-300x300.jpg 300w, https:\/\/agora.xtec.cat\/ceipvistaalegre\/wp-content\/uploads\/usu1936\/2025\/10\/photo-output-20-1-1024x1024.jpg 1024w, https:\/\/agora.xtec.cat\/ceipvistaalegre\/wp-content\/uploads\/usu1936\/2025\/10\/photo-output-20-1-150x150.jpg 150w, https:\/\/agora.xtec.cat\/ceipvistaalegre\/wp-content\/uploads\/usu1936\/2025\/10\/photo-output-20-1-768x768.jpg 768w, https:\/\/agora.xtec.cat\/ceipvistaalegre\/wp-content\/uploads\/usu1936\/2025\/10\/photo-output-20-1-1536x1536.jpg 1536w, https:\/\/agora.xtec.cat\/ceipvistaalegre\/wp-content\/uploads\/usu1936\/2025\/10\/photo-output-20-1-2048x2048.jpg 2048w\" sizes=\"auto, (max-width: 2560px) 100vw, 2560px\" \/><\/a><\/p>\n<p>Els infants, de la classe d&#8217;I5, hem pintat amb pigments naturals: la c\u00farcuma. Despr\u00e9s ho hem decorat amb fulles, branques, plomes&#8230;<\/p>\n<p>Ens hem plantejat la seg\u00fcent pregunta: &#8220;i si portem aquests quadres al sol, qu\u00e8 passar\u00e0? Les respostes han estat variades:<\/p>\n<ul>\n<li>&#8220;<em>el sol assecar\u00e0 les fulles&#8221;.<\/em><\/li>\n<li><em>&#8220;el sol far\u00e0 els colors de la tardor&#8221;.<\/em><\/li>\n<li><em>&#8220;el sol canviar\u00e0 el color de les fulles&#8221;&#8230;<\/em><\/li>\n<\/ul>\n<p>Al cap d&#8217;unes hores al sol del pati, hem recollit les feinetes. Hem observat els canvis, i moltes de les hip\u00f2tesis s&#8217;havien complert: algunes fulles s&#8217;havien tornat marrons, estaven m\u00e9s seques&#8230; per\u00f2 el m\u00e9s destacat era l&#8217;ombra que havia quedat on eren les fulles i la resta del full estava m\u00e9s descolorit.<\/p>\n<p>En una segona fase, hem rentat les pintures amb aigua i bicarbonat i s&#8217;han tornat a produir canvis en el color. Aquest cop hem passat del groc i taronja a diferents tonalitats de marrons. Hem fet una <em>&#8220;antot\u00edpia&#8221; ,<\/em>una t\u00e8cnica fotogr\u00e0fica antiga que fa servir pigments naturals per crear impressions fotogr\u00e0fiques.<\/p>\n<p>&nbsp;<\/p>\n","protected":false},"excerpt":{"rendered":"<p><a href=\"https:\/\/agora.xtec.cat\/ceipvistaalegre\/infantil\/infantil-5-anys\/experimentem-amb-la-curcuma\/attachment\/photo-output-20-1\/\" rel=\"attachment wp-att-11755\"><\/a><br \/>\nEls infants, de la classe d&#8217;I5, hem pintat amb pigments naturals: la c\u00farcuma. Despr\u00e9s ho hem decorat amb fulles, branques, plomes&#8230;<br \/>\nEns hem plantejat la seg\u00fcent pregunta: &#8220;i si portem aquests quadres al sol, qu\u00e8 passar\u00e0? Les respostes han estat variades:<\/p>\n<ul>\n<li>&#8220;el sol assecar\u00e0&hellip;  <a href=\"https:\/\/agora.xtec.cat\/ceipvistaalegre\/infantil\/infantil-5-anys\/experimentem-amb-la-curcuma\/\" title=\"Read Experimentem amb la c\u00farcuma.\">Llegeix m\u00e9s\u00bb<\/a><br \/>\n","protected":false},"author":4,"featured_media":0,"comment_status":"open","ping_status":"open","sticky":false,"template":"","format":"standard","meta":{"_bbp_topic_count":0,"_bbp_reply_count":0,"_bbp_total_topic_count":0,"_bbp_total_reply_count":0,"_bbp_voice_count":0,"_bbp_anonymous_reply_count":0,"_bbp_topic_count_hidden":0,"_bbp_reply_count_hidden":0,"_bbp_forum_subforum_count":0,"footnotes":""},"categories":[225],"tags":[318,272,329],"class_list":["post-11754","post","type-post","status-publish","format-standard","hentry","category-infantil-5-anys","tag-descoberta-de-lentorn","tag-experimentacio","tag-llenguatge-plastic"],"post_mailing_queue_ids":[],"_links":{"self":[{"href":"https:\/\/agora.xtec.cat\/ceipvistaalegre\/wp-json\/wp\/v2\/posts\/11754","targetHints":{"allow":["GET"]}}],"collection":[{"href":"https:\/\/agora.xtec.cat\/ceipvistaalegre\/wp-json\/wp\/v2\/posts"}],"about":[{"href":"https:\/\/agora.xtec.cat\/ceipvistaalegre\/wp-json\/wp\/v2\/types\/post"}],"author":[{"embeddable":true,"href":"https:\/\/agora.xtec.cat\/ceipvistaalegre\/wp-json\/wp\/v2\/users\/4"}],"replies":[{"embeddable":true,"href":"https:\/\/agora.xtec.cat\/ceipvistaalegre\/wp-json\/wp\/v2\/comments?post=11754"}],"version-history":[{"count":2,"href":"https:\/\/agora.xtec.cat\/ceipvistaalegre\/wp-json\/wp\/v2\/posts\/11754\/revisions"}],"predecessor-version":[{"id":11757,"href":"https:\/\/agora.xtec.cat\/ceipvistaalegre\/wp-json\/wp\/v2\/posts\/11754\/revisions\/11757"}],"wp:attachment":[{"href":"https:\/\/agora.xtec.cat\/ceipvistaalegre\/wp-json\/wp\/v2\/media?parent=11754"}],"wp:term":[{"taxonomy":"category","embeddable":true,"href":"https:\/\/agora.xtec.cat\/ceipvistaalegre\/wp-json\/wp\/v2\/categories?post=11754"},{"taxonomy":"post_tag","embeddable":true,"href":"https:\/\/agora.xtec.cat\/ceipvistaalegre\/wp-json\/wp\/v2\/tags?post=11754"}],"curies":[{"name":"wp","href":"https:\/\/api.w.org\/{rel}","templated":true}]}}