{"id":11748,"date":"2025-10-04T09:36:13","date_gmt":"2025-10-04T07:36:13","guid":{"rendered":"https:\/\/agora.xtec.cat\/ceipvistaalegre\/?p=11748"},"modified":"2025-10-04T09:36:13","modified_gmt":"2025-10-04T07:36:13","slug":"racons-de-tardor-3","status":"publish","type":"post","link":"https:\/\/agora.xtec.cat\/ceipvistaalegre\/infantil\/infantil-5-anys\/racons-de-tardor-3\/","title":{"rendered":"Racons de tardor."},"content":{"rendered":"<p><a href=\"https:\/\/agora.xtec.cat\/ceipvistaalegre\/infantil\/infantil-5-anys\/racons-de-tardor-3\/attachment\/img_8077\/\" rel=\"attachment wp-att-11749\"><img loading=\"lazy\" decoding=\"async\" class=\"aligncenter size-full wp-image-11749\" src=\"https:\/\/agora.xtec.cat\/ceipvistaalegre\/wp-content\/uploads\/usu1936\/2025\/10\/IMG_8077-scaled.jpeg\" alt=\"\" width=\"2560\" height=\"2560\" srcset=\"https:\/\/agora.xtec.cat\/ceipvistaalegre\/wp-content\/uploads\/usu1936\/2025\/10\/IMG_8077-scaled.jpeg 2560w, https:\/\/agora.xtec.cat\/ceipvistaalegre\/wp-content\/uploads\/usu1936\/2025\/10\/IMG_8077-300x300.jpeg 300w, https:\/\/agora.xtec.cat\/ceipvistaalegre\/wp-content\/uploads\/usu1936\/2025\/10\/IMG_8077-1024x1024.jpeg 1024w, https:\/\/agora.xtec.cat\/ceipvistaalegre\/wp-content\/uploads\/usu1936\/2025\/10\/IMG_8077-150x150.jpeg 150w, https:\/\/agora.xtec.cat\/ceipvistaalegre\/wp-content\/uploads\/usu1936\/2025\/10\/IMG_8077-768x768.jpeg 768w, https:\/\/agora.xtec.cat\/ceipvistaalegre\/wp-content\/uploads\/usu1936\/2025\/10\/IMG_8077-1536x1536.jpeg 1536w, https:\/\/agora.xtec.cat\/ceipvistaalegre\/wp-content\/uploads\/usu1936\/2025\/10\/IMG_8077-2048x2048.jpeg 2048w\" sizes=\"auto, (max-width: 2560px) 100vw, 2560px\" \/><\/a><span style=\"font-family: inherit; font-size: 1em;\">Aquesta setmana, els infants d&#8217;I5, hem come\u00e7at aquests nous racons de tardor:<\/span><\/p>\n<ul>\n<li><strong>Llenguatge i consci\u00e8ncia fonol\u00f2gica<\/strong>: joc del veig, veig per anomenar el vocabulari de tardor. Consci\u00e8ncia sil.l\u00e0bica, comptar les s\u00edl.labes de les paraules. Consci\u00e8ncia de fonema, identificar els fonemes de les paraules i m\u00e9s tard associar la seva grafia. Escriure paraules.<\/li>\n<li><strong>Numeraci\u00f3<\/strong>: anem a comprar, qu\u00e8 posarem al cistell? Anomenar la llista de productes que hem de comprar i la seva quantitat. Associar la grafia a la quantitat. Jocs de de pensar amb els conceptes d&#8217;afegir i treure.<\/li>\n<li><strong>Grafisme<\/strong>: identificar i anomenar els nombres. Fer el tra\u00e7 de cada n\u00famero.<\/li>\n<li>\u00a0<strong>Creatiu<\/strong>: crear les fulles d&#8217;un arbre a partir de cotons i aquarel.les l\u00edquides fent servir la t\u00e8cnica del goteig.<\/li>\n<li><strong>Mini m\u00f3n<\/strong>: recrear escenes del bosc a la tardor amb peces soltes i elements naturals.<\/li>\n<\/ul>\n","protected":false},"excerpt":{"rendered":"<p><a href=\"https:\/\/agora.xtec.cat\/ceipvistaalegre\/infantil\/infantil-5-anys\/racons-de-tardor-3\/attachment\/img_8077\/\" rel=\"attachment wp-att-11749\"><\/a>Aquesta setmana, els infants d&#8217;I5, hem come\u00e7at aquests nous racons de tardor:<\/p>\n<ul>\n<li>Llenguatge i consci\u00e8ncia fonol\u00f2gica: joc del veig, veig per anomenar el vocabulari de tardor. Consci\u00e8ncia sil.l\u00e0bica, comptar les s\u00edl.labes de les paraules. Consci\u00e8ncia de fonema, identificar els fonemes de les paraules&hellip;  <a href=\"https:\/\/agora.xtec.cat\/ceipvistaalegre\/infantil\/infantil-5-anys\/racons-de-tardor-3\/\" title=\"Read Racons de tardor.\">Llegeix m\u00e9s\u00bb<\/a><br \/>\n","protected":false},"author":4,"featured_media":0,"comment_status":"open","ping_status":"open","sticky":false,"template":"","format":"standard","meta":{"_bbp_topic_count":0,"_bbp_reply_count":0,"_bbp_total_topic_count":0,"_bbp_total_reply_count":0,"_bbp_voice_count":0,"_bbp_anonymous_reply_count":0,"_bbp_topic_count_hidden":0,"_bbp_reply_count_hidden":0,"_bbp_forum_subforum_count":0,"footnotes":""},"categories":[225],"tags":[300,234,262,318,345,358],"class_list":["post-11748","post","type-post","status-publish","format-standard","hentry","category-infantil-5-anys","tag-comunicacio-i-llenguatge","tag-consciencia-fonologica","tag-creatiu","tag-descoberta-de-lentorn","tag-grafisme-i-trac","tag-racons-daprenentatge"],"post_mailing_queue_ids":[],"_links":{"self":[{"href":"https:\/\/agora.xtec.cat\/ceipvistaalegre\/wp-json\/wp\/v2\/posts\/11748","targetHints":{"allow":["GET"]}}],"collection":[{"href":"https:\/\/agora.xtec.cat\/ceipvistaalegre\/wp-json\/wp\/v2\/posts"}],"about":[{"href":"https:\/\/agora.xtec.cat\/ceipvistaalegre\/wp-json\/wp\/v2\/types\/post"}],"author":[{"embeddable":true,"href":"https:\/\/agora.xtec.cat\/ceipvistaalegre\/wp-json\/wp\/v2\/users\/4"}],"replies":[{"embeddable":true,"href":"https:\/\/agora.xtec.cat\/ceipvistaalegre\/wp-json\/wp\/v2\/comments?post=11748"}],"version-history":[{"count":3,"href":"https:\/\/agora.xtec.cat\/ceipvistaalegre\/wp-json\/wp\/v2\/posts\/11748\/revisions"}],"predecessor-version":[{"id":11752,"href":"https:\/\/agora.xtec.cat\/ceipvistaalegre\/wp-json\/wp\/v2\/posts\/11748\/revisions\/11752"}],"wp:attachment":[{"href":"https:\/\/agora.xtec.cat\/ceipvistaalegre\/wp-json\/wp\/v2\/media?parent=11748"}],"wp:term":[{"taxonomy":"category","embeddable":true,"href":"https:\/\/agora.xtec.cat\/ceipvistaalegre\/wp-json\/wp\/v2\/categories?post=11748"},{"taxonomy":"post_tag","embeddable":true,"href":"https:\/\/agora.xtec.cat\/ceipvistaalegre\/wp-json\/wp\/v2\/tags?post=11748"}],"curies":[{"name":"wp","href":"https:\/\/api.w.org\/{rel}","templated":true}]}}