{"id":11741,"date":"2025-09-30T19:50:30","date_gmt":"2025-09-30T17:50:30","guid":{"rendered":"https:\/\/agora.xtec.cat\/ceipvistaalegre\/?p=11741"},"modified":"2025-09-30T19:50:30","modified_gmt":"2025-09-30T17:50:30","slug":"taller-bicicleta","status":"publish","type":"post","link":"https:\/\/agora.xtec.cat\/ceipvistaalegre\/primaria\/5e\/taller-bicicleta\/","title":{"rendered":"Taller: bicicleta"},"content":{"rendered":"<p>Els alumnes de cinqu\u00e8 de prim\u00e0ria hem participat en un taller molt enriquidor, el passat 22 de setembre. L\u2019objectiu de l\u2019activitat era aprendre com circular amb bicicleta de manera segura per la ciutat.<\/p>\n<p>Durant la sessi\u00f3 ens han explicat les normes b\u00e0siques de circulaci\u00f3, la import\u00e0ncia de respectar els senyals i els sem\u00e0fors, aix\u00ed com consells pr\u00e0ctics per moure\u2019ns en bicicleta sense c\u00f3rrer riscos.<\/p>\n<p>A m\u00e9s a m\u00e9s, hem pogut posar en pr\u00e0ctica tot el que hem apr\u00e8s en un circuit preparat amb senyals de tr\u00e0nsit, passos de vianants i sem\u00e0fors. Ha estat una experi\u00e8ncia molt divertida i \u00fatil, perqu\u00e8 ens ha perm\u00e8s experimentar situacions reals que ens podem trobar quan circulem amb bicicleta.<\/p>\n<p>A m\u00e9s hem descobert com \u00e9s d\u2019important tenir una actitud responsable quan fem servir la bicicleta com a mitj\u00e0 de transport.<\/p>\n<p><a href=\"https:\/\/agora.xtec.cat\/ceipvistaalegre\/wp-content\/uploads\/usu1936\/2025\/09\/17592538877771-3.jpg\"><img loading=\"lazy\" decoding=\"async\" class=\"wp-image-11740 aligncenter\" src=\"https:\/\/agora.xtec.cat\/ceipvistaalegre\/wp-content\/uploads\/usu1936\/2025\/09\/17592538877771-3-1024x871.jpg\" alt=\"\" width=\"386\" height=\"328\" srcset=\"https:\/\/agora.xtec.cat\/ceipvistaalegre\/wp-content\/uploads\/usu1936\/2025\/09\/17592538877771-3-1024x871.jpg 1024w, https:\/\/agora.xtec.cat\/ceipvistaalegre\/wp-content\/uploads\/usu1936\/2025\/09\/17592538877771-3-300x255.jpg 300w, https:\/\/agora.xtec.cat\/ceipvistaalegre\/wp-content\/uploads\/usu1936\/2025\/09\/17592538877771-3-768x653.jpg 768w, https:\/\/agora.xtec.cat\/ceipvistaalegre\/wp-content\/uploads\/usu1936\/2025\/09\/17592538877771-3-1536x1306.jpg 1536w, https:\/\/agora.xtec.cat\/ceipvistaalegre\/wp-content\/uploads\/usu1936\/2025\/09\/17592538877771-3-2048x1741.jpg 2048w\" sizes=\"auto, (max-width: 386px) 100vw, 386px\" \/><\/a><\/p>\n","protected":false},"excerpt":{"rendered":"<p>Els alumnes de cinqu\u00e8 de prim\u00e0ria hem participat en un taller molt enriquidor, el passat 22 de setembre. L\u2019objectiu de l\u2019activitat era aprendre com circular amb bicicleta de manera segura per la ciutat.<br \/>\nDurant la sessi\u00f3 ens han explicat les normes b\u00e0siques de circulaci\u00f3, la import\u00e0ncia&hellip;  <a href=\"https:\/\/agora.xtec.cat\/ceipvistaalegre\/primaria\/5e\/taller-bicicleta\/\" title=\"Read Taller: bicicleta\">Llegeix m\u00e9s\u00bb<\/a><\/p>\n","protected":false},"author":41,"featured_media":0,"comment_status":"open","ping_status":"open","sticky":false,"template":"","format":"standard","meta":{"_bbp_topic_count":0,"_bbp_reply_count":0,"_bbp_total_topic_count":0,"_bbp_total_reply_count":0,"_bbp_voice_count":0,"_bbp_anonymous_reply_count":0,"_bbp_topic_count_hidden":0,"_bbp_reply_count_hidden":0,"_bbp_forum_subforum_count":0,"footnotes":""},"categories":[14],"tags":[90,374,375],"class_list":["post-11741","post","type-post","status-publish","format-standard","hentry","category-5e","tag-5e","tag-bicicleta","tag-cinque"],"post_mailing_queue_ids":[],"_links":{"self":[{"href":"https:\/\/agora.xtec.cat\/ceipvistaalegre\/wp-json\/wp\/v2\/posts\/11741","targetHints":{"allow":["GET"]}}],"collection":[{"href":"https:\/\/agora.xtec.cat\/ceipvistaalegre\/wp-json\/wp\/v2\/posts"}],"about":[{"href":"https:\/\/agora.xtec.cat\/ceipvistaalegre\/wp-json\/wp\/v2\/types\/post"}],"author":[{"embeddable":true,"href":"https:\/\/agora.xtec.cat\/ceipvistaalegre\/wp-json\/wp\/v2\/users\/41"}],"replies":[{"embeddable":true,"href":"https:\/\/agora.xtec.cat\/ceipvistaalegre\/wp-json\/wp\/v2\/comments?post=11741"}],"version-history":[{"count":1,"href":"https:\/\/agora.xtec.cat\/ceipvistaalegre\/wp-json\/wp\/v2\/posts\/11741\/revisions"}],"predecessor-version":[{"id":11742,"href":"https:\/\/agora.xtec.cat\/ceipvistaalegre\/wp-json\/wp\/v2\/posts\/11741\/revisions\/11742"}],"wp:attachment":[{"href":"https:\/\/agora.xtec.cat\/ceipvistaalegre\/wp-json\/wp\/v2\/media?parent=11741"}],"wp:term":[{"taxonomy":"category","embeddable":true,"href":"https:\/\/agora.xtec.cat\/ceipvistaalegre\/wp-json\/wp\/v2\/categories?post=11741"},{"taxonomy":"post_tag","embeddable":true,"href":"https:\/\/agora.xtec.cat\/ceipvistaalegre\/wp-json\/wp\/v2\/tags?post=11741"}],"curies":[{"name":"wp","href":"https:\/\/api.w.org\/{rel}","templated":true}]}}