{"id":11723,"date":"2025-09-29T17:41:40","date_gmt":"2025-09-29T15:41:40","guid":{"rendered":"https:\/\/agora.xtec.cat\/ceipvistaalegre\/?p=11723"},"modified":"2025-09-29T17:41:40","modified_gmt":"2025-09-29T15:41:40","slug":"taller-seguretat-a-les-xarxes","status":"publish","type":"post","link":"https:\/\/agora.xtec.cat\/ceipvistaalegre\/primaria\/6e\/taller-seguretat-a-les-xarxes\/","title":{"rendered":"Taller: Seguretat a les xarxes"},"content":{"rendered":"<p>Els alumnes de sis\u00e8 de prim\u00e0ria hem fet una sortida molt interessant a les instal.lacions de la Policia Local de Matar\u00f3. L&#8217;objectiu de la visita era participar en un taller sobre la <strong>seguretat a les xarxes socials i a internet<\/strong>, una tem\u00e0tica molt important per als nens i nenes de la nostra edat.<\/p>\n<p>Durant la sessi\u00f3, un agent ens ha explicat els riscos que podem trobar a les xarxes socials, com ara parlar amb desconeguts, compartir informaci\u00f3 personal o penjar fotos sense perm\u00eds. Ens han ensenyat a protegir la nostra privacitat i ens ha donat consells per navegar per Internet de manera responsable i segura.<\/p>\n<p>El taller ha estat molt din\u00e0mic i participatiu. Hem pogut fer preguntes, compartir experi\u00e8ncies i veure exemples reals de situacions que poden passar si no fem un bon \u00fas de les tecnologies.<\/p>\n<p><img loading=\"lazy\" decoding=\"async\" class=\"alignnone  wp-image-11724\" src=\"https:\/\/agora.xtec.cat\/ceipvistaalegre\/wp-content\/uploads\/usu1936\/2025\/09\/WhatsApp-Image-2025-09-29-at-17.39.12-768x1024.jpeg\" alt=\"\" width=\"297\" height=\"396\" srcset=\"https:\/\/agora.xtec.cat\/ceipvistaalegre\/wp-content\/uploads\/usu1936\/2025\/09\/WhatsApp-Image-2025-09-29-at-17.39.12-768x1024.jpeg 768w, https:\/\/agora.xtec.cat\/ceipvistaalegre\/wp-content\/uploads\/usu1936\/2025\/09\/WhatsApp-Image-2025-09-29-at-17.39.12-225x300.jpeg 225w, https:\/\/agora.xtec.cat\/ceipvistaalegre\/wp-content\/uploads\/usu1936\/2025\/09\/WhatsApp-Image-2025-09-29-at-17.39.12-1152x1536.jpeg 1152w, https:\/\/agora.xtec.cat\/ceipvistaalegre\/wp-content\/uploads\/usu1936\/2025\/09\/WhatsApp-Image-2025-09-29-at-17.39.12.jpeg 1536w\" sizes=\"auto, (max-width: 297px) 100vw, 297px\" \/><\/p>\n","protected":false},"excerpt":{"rendered":"<p>Els alumnes de sis\u00e8 de prim\u00e0ria hem fet una sortida molt interessant a les instal.lacions de la Policia Local de Matar\u00f3. L&#8217;objectiu de la visita era participar en un taller sobre la seguretat a les xarxes socials i a internet, una tem\u00e0tica molt important per&hellip;  <a href=\"https:\/\/agora.xtec.cat\/ceipvistaalegre\/primaria\/6e\/taller-seguretat-a-les-xarxes\/\" title=\"Read Taller: Seguretat a les xarxes\">Llegeix m\u00e9s\u00bb<\/a><\/p>\n","protected":false},"author":18,"featured_media":0,"comment_status":"open","ping_status":"open","sticky":false,"template":"","format":"standard","meta":{"_bbp_topic_count":0,"_bbp_reply_count":0,"_bbp_total_topic_count":0,"_bbp_total_reply_count":0,"_bbp_voice_count":0,"_bbp_anonymous_reply_count":0,"_bbp_topic_count_hidden":0,"_bbp_reply_count_hidden":0,"_bbp_forum_subforum_count":0,"footnotes":""},"categories":[15],"tags":[],"class_list":["post-11723","post","type-post","status-publish","format-standard","hentry","category-6e"],"post_mailing_queue_ids":[],"_links":{"self":[{"href":"https:\/\/agora.xtec.cat\/ceipvistaalegre\/wp-json\/wp\/v2\/posts\/11723","targetHints":{"allow":["GET"]}}],"collection":[{"href":"https:\/\/agora.xtec.cat\/ceipvistaalegre\/wp-json\/wp\/v2\/posts"}],"about":[{"href":"https:\/\/agora.xtec.cat\/ceipvistaalegre\/wp-json\/wp\/v2\/types\/post"}],"author":[{"embeddable":true,"href":"https:\/\/agora.xtec.cat\/ceipvistaalegre\/wp-json\/wp\/v2\/users\/18"}],"replies":[{"embeddable":true,"href":"https:\/\/agora.xtec.cat\/ceipvistaalegre\/wp-json\/wp\/v2\/comments?post=11723"}],"version-history":[{"count":1,"href":"https:\/\/agora.xtec.cat\/ceipvistaalegre\/wp-json\/wp\/v2\/posts\/11723\/revisions"}],"predecessor-version":[{"id":11725,"href":"https:\/\/agora.xtec.cat\/ceipvistaalegre\/wp-json\/wp\/v2\/posts\/11723\/revisions\/11725"}],"wp:attachment":[{"href":"https:\/\/agora.xtec.cat\/ceipvistaalegre\/wp-json\/wp\/v2\/media?parent=11723"}],"wp:term":[{"taxonomy":"category","embeddable":true,"href":"https:\/\/agora.xtec.cat\/ceipvistaalegre\/wp-json\/wp\/v2\/categories?post=11723"},{"taxonomy":"post_tag","embeddable":true,"href":"https:\/\/agora.xtec.cat\/ceipvistaalegre\/wp-json\/wp\/v2\/tags?post=11723"}],"curies":[{"name":"wp","href":"https:\/\/api.w.org\/{rel}","templated":true}]}}