{"id":11708,"date":"2025-09-26T20:03:10","date_gmt":"2025-09-26T18:03:10","guid":{"rendered":"https:\/\/agora.xtec.cat\/ceipvistaalegre\/?p=11708"},"modified":"2025-09-26T20:15:58","modified_gmt":"2025-09-26T18:15:58","slug":"camina-descalc-2","status":"publish","type":"post","link":"https:\/\/agora.xtec.cat\/ceipvistaalegre\/infantil\/infantil-5-anys\/camina-descalc-2\/","title":{"rendered":"Camina descal\u00e7!"},"content":{"rendered":"<p><a href=\"https:\/\/agora.xtec.cat\/ceipvistaalegre\/infantil\/infantil-5-anys\/camina-descalc-2\/attachment\/26724ceb-cad2-4e31-a8a9-b88869659b4c\/\" rel=\"attachment wp-att-11714\"><img loading=\"lazy\" decoding=\"async\" class=\"aligncenter size-full wp-image-11714\" src=\"https:\/\/agora.xtec.cat\/ceipvistaalegre\/wp-content\/uploads\/usu1936\/2025\/09\/26724ceb-cad2-4e31-a8a9-b88869659b4c.jpg\" alt=\"\" width=\"1600\" height=\"1600\" srcset=\"https:\/\/agora.xtec.cat\/ceipvistaalegre\/wp-content\/uploads\/usu1936\/2025\/09\/26724ceb-cad2-4e31-a8a9-b88869659b4c.jpg 1600w, https:\/\/agora.xtec.cat\/ceipvistaalegre\/wp-content\/uploads\/usu1936\/2025\/09\/26724ceb-cad2-4e31-a8a9-b88869659b4c-300x300.jpg 300w, https:\/\/agora.xtec.cat\/ceipvistaalegre\/wp-content\/uploads\/usu1936\/2025\/09\/26724ceb-cad2-4e31-a8a9-b88869659b4c-1024x1024.jpg 1024w, https:\/\/agora.xtec.cat\/ceipvistaalegre\/wp-content\/uploads\/usu1936\/2025\/09\/26724ceb-cad2-4e31-a8a9-b88869659b4c-150x150.jpg 150w, https:\/\/agora.xtec.cat\/ceipvistaalegre\/wp-content\/uploads\/usu1936\/2025\/09\/26724ceb-cad2-4e31-a8a9-b88869659b4c-768x768.jpg 768w, https:\/\/agora.xtec.cat\/ceipvistaalegre\/wp-content\/uploads\/usu1936\/2025\/09\/26724ceb-cad2-4e31-a8a9-b88869659b4c-1536x1536.jpg 1536w\" sizes=\"auto, (max-width: 1600px) 100vw, 1600px\" \/><\/a><\/p>\n<p>Avui, els infants de la classe de les Estrelles de Mar hem anat\u00a0 d&#8217;excursi\u00f3 a Arb\u00facies, concretament a la Selva de l&#8217;Aventura. Un espai natural situat entre el Parc Natural del Montseny i les Guilleries.<\/p>\n<p>Hem gaudit del bosc a trav\u00e9s de quasi tots els sentits: l&#8217;olfacte, el tacte, la vista i l&#8217;o\u00efda; experimentant, observant i manipulant els diferents elements naturals i d&#8217;altres elaborats per l&#8217;home. Descobrint les petjades dels animals que hi habiten, les olors que despr\u00e8n el bosc amb la seva flora i la fauna, el so d&#8217;un dia de pluja, la textura i la temperatura de les diferents bases sensorials que tenien els caminets i moltes m\u00e9s coses.<\/p>\n<p>Durant la caminada hem trobat tresors que el bosc ens regala com: fulles, llavors, fruits, pals, escor\u00e7a&#8230; i que aviat observarem a l&#8217;aula.<\/p>\n<p>Hem gaudit d&#8217;una experi\u00e8ncia sensorial magn\u00edfica i d&#8217;un espai de descoberta meravell\u00f3s.<\/p>\n<p>&nbsp;<\/p>\n","protected":false},"excerpt":{"rendered":"<p><a href=\"https:\/\/agora.xtec.cat\/ceipvistaalegre\/infantil\/infantil-5-anys\/camina-descalc-2\/attachment\/26724ceb-cad2-4e31-a8a9-b88869659b4c\/\" rel=\"attachment wp-att-11714\"><\/a><br \/>\nAvui, els infants de la classe de les Estrelles de Mar hem anat\u00a0 d&#8217;excursi\u00f3 a Arb\u00facies, concretament a la Selva de l&#8217;Aventura. Un espai natural situat entre el Parc Natural del Montseny i les Guilleries.<br \/>\nHem gaudit del bosc a trav\u00e9s de quasi&hellip;  <a href=\"https:\/\/agora.xtec.cat\/ceipvistaalegre\/infantil\/infantil-5-anys\/camina-descalc-2\/\" title=\"Read Camina descal\u00e7!\">Llegeix m\u00e9s\u00bb<\/a><\/p>\n","protected":false},"author":4,"featured_media":0,"comment_status":"open","ping_status":"open","sticky":false,"template":"","format":"standard","meta":{"_bbp_topic_count":0,"_bbp_reply_count":0,"_bbp_total_topic_count":0,"_bbp_total_reply_count":0,"_bbp_voice_count":0,"_bbp_anonymous_reply_count":0,"_bbp_topic_count_hidden":0,"_bbp_reply_count_hidden":0,"_bbp_forum_subforum_count":0,"footnotes":""},"categories":[225],"tags":[318,209,16],"class_list":["post-11708","post","type-post","status-publish","format-standard","hentry","category-infantil-5-anys","tag-descoberta-de-lentorn","tag-espai-sensorial","tag-sortides"],"post_mailing_queue_ids":[],"_links":{"self":[{"href":"https:\/\/agora.xtec.cat\/ceipvistaalegre\/wp-json\/wp\/v2\/posts\/11708","targetHints":{"allow":["GET"]}}],"collection":[{"href":"https:\/\/agora.xtec.cat\/ceipvistaalegre\/wp-json\/wp\/v2\/posts"}],"about":[{"href":"https:\/\/agora.xtec.cat\/ceipvistaalegre\/wp-json\/wp\/v2\/types\/post"}],"author":[{"embeddable":true,"href":"https:\/\/agora.xtec.cat\/ceipvistaalegre\/wp-json\/wp\/v2\/users\/4"}],"replies":[{"embeddable":true,"href":"https:\/\/agora.xtec.cat\/ceipvistaalegre\/wp-json\/wp\/v2\/comments?post=11708"}],"version-history":[{"count":5,"href":"https:\/\/agora.xtec.cat\/ceipvistaalegre\/wp-json\/wp\/v2\/posts\/11708\/revisions"}],"predecessor-version":[{"id":11716,"href":"https:\/\/agora.xtec.cat\/ceipvistaalegre\/wp-json\/wp\/v2\/posts\/11708\/revisions\/11716"}],"wp:attachment":[{"href":"https:\/\/agora.xtec.cat\/ceipvistaalegre\/wp-json\/wp\/v2\/media?parent=11708"}],"wp:term":[{"taxonomy":"category","embeddable":true,"href":"https:\/\/agora.xtec.cat\/ceipvistaalegre\/wp-json\/wp\/v2\/categories?post=11708"},{"taxonomy":"post_tag","embeddable":true,"href":"https:\/\/agora.xtec.cat\/ceipvistaalegre\/wp-json\/wp\/v2\/tags?post=11708"}],"curies":[{"name":"wp","href":"https:\/\/api.w.org\/{rel}","templated":true}]}}