{"id":11680,"date":"2025-09-20T14:09:06","date_gmt":"2025-09-20T12:09:06","guid":{"rendered":"https:\/\/agora.xtec.cat\/ceipvistaalegre\/?p=11680"},"modified":"2025-09-20T14:09:06","modified_gmt":"2025-09-20T12:09:06","slug":"setmana-europea-de-la-mobilitat-a-mataro","status":"publish","type":"post","link":"https:\/\/agora.xtec.cat\/ceipvistaalegre\/primaria\/6e\/setmana-europea-de-la-mobilitat-a-mataro\/","title":{"rendered":"Setmana Europea de la Mobilitat a Matar\u00f3"},"content":{"rendered":"<p>Amb motiu de la Setmana Europea de la Mobilitat, l&#8217;Ajuntament de Matar\u00f3 ha organitzat diverses activitats per conscienciar als alumnes sobre la import\u00e0ncia de moure&#8217;s de manera sostenible, segura i saludable. Una de les iniciatives destacades ha estat la realitzaci\u00f3 del taller <strong>&#8220;Quin soroll fem? Quin aire respirem?<\/strong><\/p>\n<p>Aquest taller t\u00e9 com a objectiu fer reflexionar els infants sobre l&#8217;impacte que tenen els mitjans de transport en la qualitat de l&#8217;aire i en la contaminaci\u00f3 ac\u00fastica. Mitjan\u00e7ant activitats pr\u00e0ctiques i din\u00e0miques, els alumnes han pogut mesurar el soroll i la quantitat de l&#8217;aire en diferents punts del parc, alhora que han apr\u00e8s conceptes b\u00e0sics sobre la contaminaci\u00f3 i les seves conseq\u00fc\u00e8ncies per a la salut i el medi ambient.<\/p>\n<p>Aquesta experi\u00e8ncia educativa fomenta una actitud cr\u00edtica i responsable, promovent h\u00e0bits de mobilitat m\u00e9s sostenibles com caminar, anar en bicicleta&#8230;<\/p>\n<p><img loading=\"lazy\" decoding=\"async\" class=\"alignnone  wp-image-11681\" src=\"https:\/\/agora.xtec.cat\/ceipvistaalegre\/wp-content\/uploads\/usu1936\/2025\/09\/WhatsApp-Image-2025-09-20-at-14.02.22-1024x768.jpeg\" alt=\"\" width=\"369\" height=\"277\" srcset=\"https:\/\/agora.xtec.cat\/ceipvistaalegre\/wp-content\/uploads\/usu1936\/2025\/09\/WhatsApp-Image-2025-09-20-at-14.02.22-1024x768.jpeg 1024w, https:\/\/agora.xtec.cat\/ceipvistaalegre\/wp-content\/uploads\/usu1936\/2025\/09\/WhatsApp-Image-2025-09-20-at-14.02.22-300x225.jpeg 300w, https:\/\/agora.xtec.cat\/ceipvistaalegre\/wp-content\/uploads\/usu1936\/2025\/09\/WhatsApp-Image-2025-09-20-at-14.02.22-768x576.jpeg 768w, https:\/\/agora.xtec.cat\/ceipvistaalegre\/wp-content\/uploads\/usu1936\/2025\/09\/WhatsApp-Image-2025-09-20-at-14.02.22-1536x1152.jpeg 1536w, https:\/\/agora.xtec.cat\/ceipvistaalegre\/wp-content\/uploads\/usu1936\/2025\/09\/WhatsApp-Image-2025-09-20-at-14.02.22-200x150.jpeg 200w, https:\/\/agora.xtec.cat\/ceipvistaalegre\/wp-content\/uploads\/usu1936\/2025\/09\/WhatsApp-Image-2025-09-20-at-14.02.22.jpeg 2048w\" sizes=\"auto, (max-width: 369px) 100vw, 369px\" \/><\/p>\n","protected":false},"excerpt":{"rendered":"<p>Amb motiu de la Setmana Europea de la Mobilitat, l&#8217;Ajuntament de Matar\u00f3 ha organitzat diverses activitats per conscienciar als alumnes sobre la import\u00e0ncia de moure&#8217;s de manera sostenible, segura i saludable. Una de les iniciatives destacades ha estat la realitzaci\u00f3 del taller &#8220;Quin soroll fem?&hellip;  <a href=\"https:\/\/agora.xtec.cat\/ceipvistaalegre\/primaria\/6e\/setmana-europea-de-la-mobilitat-a-mataro\/\" title=\"Read Setmana Europea de la Mobilitat a Matar\u00f3\">Llegeix m\u00e9s\u00bb<\/a><\/p>\n","protected":false},"author":18,"featured_media":0,"comment_status":"open","ping_status":"open","sticky":false,"template":"","format":"standard","meta":{"_bbp_topic_count":0,"_bbp_reply_count":0,"_bbp_total_topic_count":0,"_bbp_total_reply_count":0,"_bbp_voice_count":0,"_bbp_anonymous_reply_count":0,"_bbp_topic_count_hidden":0,"_bbp_reply_count_hidden":0,"_bbp_forum_subforum_count":0,"footnotes":""},"categories":[15],"tags":[],"class_list":["post-11680","post","type-post","status-publish","format-standard","hentry","category-6e"],"post_mailing_queue_ids":[],"_links":{"self":[{"href":"https:\/\/agora.xtec.cat\/ceipvistaalegre\/wp-json\/wp\/v2\/posts\/11680","targetHints":{"allow":["GET"]}}],"collection":[{"href":"https:\/\/agora.xtec.cat\/ceipvistaalegre\/wp-json\/wp\/v2\/posts"}],"about":[{"href":"https:\/\/agora.xtec.cat\/ceipvistaalegre\/wp-json\/wp\/v2\/types\/post"}],"author":[{"embeddable":true,"href":"https:\/\/agora.xtec.cat\/ceipvistaalegre\/wp-json\/wp\/v2\/users\/18"}],"replies":[{"embeddable":true,"href":"https:\/\/agora.xtec.cat\/ceipvistaalegre\/wp-json\/wp\/v2\/comments?post=11680"}],"version-history":[{"count":1,"href":"https:\/\/agora.xtec.cat\/ceipvistaalegre\/wp-json\/wp\/v2\/posts\/11680\/revisions"}],"predecessor-version":[{"id":11682,"href":"https:\/\/agora.xtec.cat\/ceipvistaalegre\/wp-json\/wp\/v2\/posts\/11680\/revisions\/11682"}],"wp:attachment":[{"href":"https:\/\/agora.xtec.cat\/ceipvistaalegre\/wp-json\/wp\/v2\/media?parent=11680"}],"wp:term":[{"taxonomy":"category","embeddable":true,"href":"https:\/\/agora.xtec.cat\/ceipvistaalegre\/wp-json\/wp\/v2\/categories?post=11680"},{"taxonomy":"post_tag","embeddable":true,"href":"https:\/\/agora.xtec.cat\/ceipvistaalegre\/wp-json\/wp\/v2\/tags?post=11680"}],"curies":[{"name":"wp","href":"https:\/\/api.w.org\/{rel}","templated":true}]}}