{"id":11673,"date":"2025-09-19T19:55:19","date_gmt":"2025-09-19T17:55:19","guid":{"rendered":"https:\/\/agora.xtec.cat\/ceipvistaalegre\/?p=11673"},"modified":"2025-09-19T19:55:19","modified_gmt":"2025-09-19T17:55:19","slug":"benvinguts-i-benvingudes-a-sise","status":"publish","type":"post","link":"https:\/\/agora.xtec.cat\/ceipvistaalegre\/primaria\/6e\/benvinguts-i-benvingudes-a-sise\/","title":{"rendered":"Benvinguts i benvingudes a sis\u00e8"},"content":{"rendered":"<p>Hola, s\u00faper alumnes de sis\u00e8!<\/p>\n<p>S\u00ed, s\u00ed&#8230; ja hi som! Comen\u00e7a el vostre \u00faltim any a prim\u00e0ria! Prepareu-vos perqu\u00e8 aquest curs ser\u00e0 com una aventura: tindrem misteris per resoldre, reptes per superar, novetats per descobrir i moltes ganes de passar-nos-ho b\u00e9 mentre aprenem.<\/p>\n<p>Aix\u00ed que&#8230; agafeu la motxilla, la il\u00b7lusi\u00f3 i les ganes de viure aquest \u00faltim any a prim\u00e0ria amb intensitat. Ser\u00e0 un curs inoblidable!<\/p>\n<p><img loading=\"lazy\" decoding=\"async\" class=\"alignnone  wp-image-11674\" src=\"https:\/\/agora.xtec.cat\/ceipvistaalegre\/wp-content\/uploads\/usu1936\/2025\/09\/WhatsApp-Image-2025-09-19-at-19.51.19-1024x768.jpeg\" alt=\"\" width=\"449\" height=\"337\" srcset=\"https:\/\/agora.xtec.cat\/ceipvistaalegre\/wp-content\/uploads\/usu1936\/2025\/09\/WhatsApp-Image-2025-09-19-at-19.51.19-1024x768.jpeg 1024w, https:\/\/agora.xtec.cat\/ceipvistaalegre\/wp-content\/uploads\/usu1936\/2025\/09\/WhatsApp-Image-2025-09-19-at-19.51.19-300x225.jpeg 300w, https:\/\/agora.xtec.cat\/ceipvistaalegre\/wp-content\/uploads\/usu1936\/2025\/09\/WhatsApp-Image-2025-09-19-at-19.51.19-768x576.jpeg 768w, https:\/\/agora.xtec.cat\/ceipvistaalegre\/wp-content\/uploads\/usu1936\/2025\/09\/WhatsApp-Image-2025-09-19-at-19.51.19-1536x1152.jpeg 1536w, https:\/\/agora.xtec.cat\/ceipvistaalegre\/wp-content\/uploads\/usu1936\/2025\/09\/WhatsApp-Image-2025-09-19-at-19.51.19-200x150.jpeg 200w, https:\/\/agora.xtec.cat\/ceipvistaalegre\/wp-content\/uploads\/usu1936\/2025\/09\/WhatsApp-Image-2025-09-19-at-19.51.19.jpeg 2048w\" sizes=\"auto, (max-width: 449px) 100vw, 449px\" \/><\/p>\n","protected":false},"excerpt":{"rendered":"<p>Hola, s\u00faper alumnes de sis\u00e8!<br \/>\nS\u00ed, s\u00ed&#8230; ja hi som! Comen\u00e7a el vostre \u00faltim any a prim\u00e0ria! Prepareu-vos perqu\u00e8 aquest curs ser\u00e0 com una aventura: tindrem misteris per resoldre, reptes per superar, novetats per descobrir i moltes ganes de passar-nos-ho b\u00e9 mentre aprenem.<br \/>\nAix\u00ed que&#8230; agafeu la&hellip;  <a href=\"https:\/\/agora.xtec.cat\/ceipvistaalegre\/primaria\/6e\/benvinguts-i-benvingudes-a-sise\/\" title=\"Read Benvinguts i benvingudes a sis\u00e8\">Llegeix m\u00e9s\u00bb<\/a><\/p>\n","protected":false},"author":18,"featured_media":0,"comment_status":"open","ping_status":"open","sticky":false,"template":"","format":"standard","meta":{"_bbp_topic_count":0,"_bbp_reply_count":0,"_bbp_total_topic_count":0,"_bbp_total_reply_count":0,"_bbp_voice_count":0,"_bbp_anonymous_reply_count":0,"_bbp_topic_count_hidden":0,"_bbp_reply_count_hidden":0,"_bbp_forum_subforum_count":0,"footnotes":""},"categories":[15],"tags":[],"class_list":["post-11673","post","type-post","status-publish","format-standard","hentry","category-6e"],"post_mailing_queue_ids":[],"_links":{"self":[{"href":"https:\/\/agora.xtec.cat\/ceipvistaalegre\/wp-json\/wp\/v2\/posts\/11673","targetHints":{"allow":["GET"]}}],"collection":[{"href":"https:\/\/agora.xtec.cat\/ceipvistaalegre\/wp-json\/wp\/v2\/posts"}],"about":[{"href":"https:\/\/agora.xtec.cat\/ceipvistaalegre\/wp-json\/wp\/v2\/types\/post"}],"author":[{"embeddable":true,"href":"https:\/\/agora.xtec.cat\/ceipvistaalegre\/wp-json\/wp\/v2\/users\/18"}],"replies":[{"embeddable":true,"href":"https:\/\/agora.xtec.cat\/ceipvistaalegre\/wp-json\/wp\/v2\/comments?post=11673"}],"version-history":[{"count":1,"href":"https:\/\/agora.xtec.cat\/ceipvistaalegre\/wp-json\/wp\/v2\/posts\/11673\/revisions"}],"predecessor-version":[{"id":11675,"href":"https:\/\/agora.xtec.cat\/ceipvistaalegre\/wp-json\/wp\/v2\/posts\/11673\/revisions\/11675"}],"wp:attachment":[{"href":"https:\/\/agora.xtec.cat\/ceipvistaalegre\/wp-json\/wp\/v2\/media?parent=11673"}],"wp:term":[{"taxonomy":"category","embeddable":true,"href":"https:\/\/agora.xtec.cat\/ceipvistaalegre\/wp-json\/wp\/v2\/categories?post=11673"},{"taxonomy":"post_tag","embeddable":true,"href":"https:\/\/agora.xtec.cat\/ceipvistaalegre\/wp-json\/wp\/v2\/tags?post=11673"}],"curies":[{"name":"wp","href":"https:\/\/api.w.org\/{rel}","templated":true}]}}