{"id":11667,"date":"2025-09-18T19:37:00","date_gmt":"2025-09-18T17:37:00","guid":{"rendered":"https:\/\/agora.xtec.cat\/ceipvistaalegre\/?p=11667"},"modified":"2025-09-18T19:38:04","modified_gmt":"2025-09-18T17:38:04","slug":"ja-tenim-nom","status":"publish","type":"post","link":"https:\/\/agora.xtec.cat\/ceipvistaalegre\/infantil\/infantil-5-anys\/ja-tenim-nom\/","title":{"rendered":"Ja tenim nom!"},"content":{"rendered":"<p><a href=\"https:\/\/agora.xtec.cat\/ceipvistaalegre\/infantil\/infantil-5-anys\/ja-tenim-nom\/attachment\/estrella-de-mar\/\" rel=\"attachment wp-att-11668\"><img loading=\"lazy\" decoding=\"async\" class=\"aligncenter size-full wp-image-11668\" src=\"https:\/\/agora.xtec.cat\/ceipvistaalegre\/wp-content\/uploads\/usu1936\/2025\/09\/Estrella-de-Mar.png\" alt=\"\" width=\"2000\" height=\"1414\" srcset=\"https:\/\/agora.xtec.cat\/ceipvistaalegre\/wp-content\/uploads\/usu1936\/2025\/09\/Estrella-de-Mar.png 2000w, https:\/\/agora.xtec.cat\/ceipvistaalegre\/wp-content\/uploads\/usu1936\/2025\/09\/Estrella-de-Mar-300x212.png 300w, https:\/\/agora.xtec.cat\/ceipvistaalegre\/wp-content\/uploads\/usu1936\/2025\/09\/Estrella-de-Mar-1024x724.png 1024w, https:\/\/agora.xtec.cat\/ceipvistaalegre\/wp-content\/uploads\/usu1936\/2025\/09\/Estrella-de-Mar-768x543.png 768w, https:\/\/agora.xtec.cat\/ceipvistaalegre\/wp-content\/uploads\/usu1936\/2025\/09\/Estrella-de-Mar-1536x1086.png 1536w\" sizes=\"auto, (max-width: 2000px) 100vw, 2000px\" \/><\/a><\/p>\n<p>Aquests dies hem estat pensant com es podia dir la nostra classe d&#8217;I5, havia de ser un nom relacionat amb els animals marins.\u00a0 Amb l&#8217;ajuda de les fam\u00edlies i consultant llibres del mar, cada infant ha presentat una proposta a la resta dels companys i companyes, ha fet un dibuix i ha defensat la seva elecci\u00f3.<\/p>\n<p>A continuaci\u00f3 hem fet una primera votaci\u00f3, les propostes m\u00e9s triades han passat a una segona ronda i d&#8217;aqu\u00ed ha sortit el nom guanyador: L&#8217;Estrella de Mar.<\/p>\n<p>A partir d&#8217;ara ens tocar\u00e0 iniciar un nou projecte i comen\u00e7ar a esbrinar coses d&#8217;aquest animal mar\u00ed.<\/p>\n","protected":false},"excerpt":{"rendered":"<p><a href=\"https:\/\/agora.xtec.cat\/ceipvistaalegre\/infantil\/infantil-5-anys\/ja-tenim-nom\/attachment\/estrella-de-mar\/\" rel=\"attachment wp-att-11668\"><\/a><br \/>\nAquests dies hem estat pensant com es podia dir la nostra classe d&#8217;I5, havia de ser un nom relacionat amb els animals marins.\u00a0 Amb l&#8217;ajuda de les fam\u00edlies i consultant llibres del mar, cada infant ha presentat una proposta a la resta&hellip;  <a href=\"https:\/\/agora.xtec.cat\/ceipvistaalegre\/infantil\/infantil-5-anys\/ja-tenim-nom\/\" title=\"Read Ja tenim nom!\">Llegeix m\u00e9s\u00bb<\/a><\/p>\n","protected":false},"author":4,"featured_media":0,"comment_status":"open","ping_status":"open","sticky":false,"template":"","format":"standard","meta":{"_bbp_topic_count":0,"_bbp_reply_count":0,"_bbp_total_topic_count":0,"_bbp_total_reply_count":0,"_bbp_voice_count":0,"_bbp_anonymous_reply_count":0,"_bbp_topic_count_hidden":0,"_bbp_reply_count_hidden":0,"_bbp_forum_subforum_count":0,"footnotes":""},"categories":[225],"tags":[368,318,286],"class_list":["post-11667","post","type-post","status-publish","format-standard","hentry","category-infantil-5-anys","tag-animals-marins","tag-descoberta-de-lentorn","tag-projecte-nom-de-la-classe"],"post_mailing_queue_ids":[],"_links":{"self":[{"href":"https:\/\/agora.xtec.cat\/ceipvistaalegre\/wp-json\/wp\/v2\/posts\/11667","targetHints":{"allow":["GET"]}}],"collection":[{"href":"https:\/\/agora.xtec.cat\/ceipvistaalegre\/wp-json\/wp\/v2\/posts"}],"about":[{"href":"https:\/\/agora.xtec.cat\/ceipvistaalegre\/wp-json\/wp\/v2\/types\/post"}],"author":[{"embeddable":true,"href":"https:\/\/agora.xtec.cat\/ceipvistaalegre\/wp-json\/wp\/v2\/users\/4"}],"replies":[{"embeddable":true,"href":"https:\/\/agora.xtec.cat\/ceipvistaalegre\/wp-json\/wp\/v2\/comments?post=11667"}],"version-history":[{"count":4,"href":"https:\/\/agora.xtec.cat\/ceipvistaalegre\/wp-json\/wp\/v2\/posts\/11667\/revisions"}],"predecessor-version":[{"id":11672,"href":"https:\/\/agora.xtec.cat\/ceipvistaalegre\/wp-json\/wp\/v2\/posts\/11667\/revisions\/11672"}],"wp:attachment":[{"href":"https:\/\/agora.xtec.cat\/ceipvistaalegre\/wp-json\/wp\/v2\/media?parent=11667"}],"wp:term":[{"taxonomy":"category","embeddable":true,"href":"https:\/\/agora.xtec.cat\/ceipvistaalegre\/wp-json\/wp\/v2\/categories?post=11667"},{"taxonomy":"post_tag","embeddable":true,"href":"https:\/\/agora.xtec.cat\/ceipvistaalegre\/wp-json\/wp\/v2\/tags?post=11667"}],"curies":[{"name":"wp","href":"https:\/\/api.w.org\/{rel}","templated":true}]}}