{"id":11584,"date":"2025-06-18T21:10:54","date_gmt":"2025-06-18T19:10:54","guid":{"rendered":"https:\/\/agora.xtec.cat\/ceipvistaalegre\/?p=11584"},"modified":"2025-06-30T12:24:05","modified_gmt":"2025-06-30T10:24:05","slug":"platja-i-mcdonalds","status":"publish","type":"post","link":"https:\/\/agora.xtec.cat\/ceipvistaalegre\/general\/platja-i-mcdonalds\/","title":{"rendered":"Platja i McDonald&#8217;s"},"content":{"rendered":"<p>Despr\u00e9s de molts dies de feina, preparatius i esfor\u00e7, els nens i nenes de cinqu\u00e8 hem fet una sortida molt especial per celebrar el tancament del nostre projecte CUEME. Amb els diners que vam recollir durant la fira, on vam vendre productes que hav\u00edem fet nosaltres mateixos, em realitzat una sortida a la platja i un bon dinar al McDonald&#8217;s.<\/p>\n<p>Primer hem anat a la platja, hem esmorzat, jugat, banyat i gaudit del sol. Quan ja ten\u00edem gana, hem recollir les coses i hem anat cap al McDonald&#8217;s. All\u00e0 ens han servit el men\u00fa que hem triat pr\u00e8viament, hem menjat tots junts, contents de poder gaudir d&#8217;un dinar que hav\u00edem guanyat amb la nostra feina i esfor\u00e7 com a petits emprenedors.<\/p>\n<p>Estem molt orgullosos de tot el que hem aconseguit amb el projecte CUEME i molt agra\u00efts per haver pogut compartir aquesta experi\u00e8ncia amb tot el grup.<\/p>\n<p>&nbsp;<\/p>\n<p><img loading=\"lazy\" decoding=\"async\" class=\"alignnone wp-image-11586\" src=\"https:\/\/agora.xtec.cat\/ceipvistaalegre\/wp-content\/uploads\/usu1936\/2025\/06\/PXL_20250618_121251270-1-771x1024.jpg\" alt=\"\" width=\"267\" height=\"355\" srcset=\"https:\/\/agora.xtec.cat\/ceipvistaalegre\/wp-content\/uploads\/usu1936\/2025\/06\/PXL_20250618_121251270-1-771x1024.jpg 771w, https:\/\/agora.xtec.cat\/ceipvistaalegre\/wp-content\/uploads\/usu1936\/2025\/06\/PXL_20250618_121251270-1-226x300.jpg 226w, https:\/\/agora.xtec.cat\/ceipvistaalegre\/wp-content\/uploads\/usu1936\/2025\/06\/PXL_20250618_121251270-1-768x1020.jpg 768w, https:\/\/agora.xtec.cat\/ceipvistaalegre\/wp-content\/uploads\/usu1936\/2025\/06\/PXL_20250618_121251270-1-1157x1536.jpg 1157w, https:\/\/agora.xtec.cat\/ceipvistaalegre\/wp-content\/uploads\/usu1936\/2025\/06\/PXL_20250618_121251270-1.jpg 1400w\" sizes=\"auto, (max-width: 267px) 100vw, 267px\" \/>\u00a0 <a href=\"https:\/\/agora.xtec.cat\/ceipvistaalegre\/wp-content\/uploads\/usu1936\/2025\/06\/PXL_20250618_085357624-scaled.jpg\"><img loading=\"lazy\" decoding=\"async\" class=\"wp-image-11587 alignleft\" src=\"https:\/\/agora.xtec.cat\/ceipvistaalegre\/wp-content\/uploads\/usu1936\/2025\/06\/PXL_20250618_085357624-771x1024.jpg\" alt=\"\" width=\"257\" height=\"341\" srcset=\"https:\/\/agora.xtec.cat\/ceipvistaalegre\/wp-content\/uploads\/usu1936\/2025\/06\/PXL_20250618_085357624-771x1024.jpg 771w, https:\/\/agora.xtec.cat\/ceipvistaalegre\/wp-content\/uploads\/usu1936\/2025\/06\/PXL_20250618_085357624-226x300.jpg 226w, https:\/\/agora.xtec.cat\/ceipvistaalegre\/wp-content\/uploads\/usu1936\/2025\/06\/PXL_20250618_085357624-768x1020.jpg 768w, https:\/\/agora.xtec.cat\/ceipvistaalegre\/wp-content\/uploads\/usu1936\/2025\/06\/PXL_20250618_085357624-1156x1536.jpg 1156w, https:\/\/agora.xtec.cat\/ceipvistaalegre\/wp-content\/uploads\/usu1936\/2025\/06\/PXL_20250618_085357624-1542x2048.jpg 1542w, https:\/\/agora.xtec.cat\/ceipvistaalegre\/wp-content\/uploads\/usu1936\/2025\/06\/PXL_20250618_085357624-scaled.jpg 1927w\" sizes=\"auto, (max-width: 257px) 100vw, 257px\" \/><\/a><\/p>\n<p>&nbsp;<\/p>\n<p>&nbsp;<\/p>\n","protected":false},"excerpt":{"rendered":"<p>Despr\u00e9s de molts dies de feina, preparatius i esfor\u00e7, els nens i nenes de cinqu\u00e8 hem fet una sortida molt especial per celebrar el tancament del nostre projecte CUEME. Amb els diners que vam recollir durant la fira, on vam vendre productes que hav\u00edem fet&hellip;  <a href=\"https:\/\/agora.xtec.cat\/ceipvistaalegre\/general\/platja-i-mcdonalds\/\" title=\"Read Platja i McDonald&#8217;s\">Llegeix m\u00e9s\u00bb<\/a><\/p>\n","protected":false},"author":18,"featured_media":11585,"comment_status":"open","ping_status":"open","sticky":false,"template":"","format":"standard","meta":{"_bbp_topic_count":0,"_bbp_reply_count":0,"_bbp_total_topic_count":0,"_bbp_total_reply_count":0,"_bbp_voice_count":0,"_bbp_anonymous_reply_count":0,"_bbp_topic_count_hidden":0,"_bbp_reply_count_hidden":0,"_bbp_forum_subforum_count":0,"footnotes":""},"categories":[14,1],"tags":[],"class_list":["post-11584","post","type-post","status-publish","format-standard","has-post-thumbnail","hentry","category-5e","category-general"],"post_mailing_queue_ids":[],"_links":{"self":[{"href":"https:\/\/agora.xtec.cat\/ceipvistaalegre\/wp-json\/wp\/v2\/posts\/11584","targetHints":{"allow":["GET"]}}],"collection":[{"href":"https:\/\/agora.xtec.cat\/ceipvistaalegre\/wp-json\/wp\/v2\/posts"}],"about":[{"href":"https:\/\/agora.xtec.cat\/ceipvistaalegre\/wp-json\/wp\/v2\/types\/post"}],"author":[{"embeddable":true,"href":"https:\/\/agora.xtec.cat\/ceipvistaalegre\/wp-json\/wp\/v2\/users\/18"}],"replies":[{"embeddable":true,"href":"https:\/\/agora.xtec.cat\/ceipvistaalegre\/wp-json\/wp\/v2\/comments?post=11584"}],"version-history":[{"count":1,"href":"https:\/\/agora.xtec.cat\/ceipvistaalegre\/wp-json\/wp\/v2\/posts\/11584\/revisions"}],"predecessor-version":[{"id":11588,"href":"https:\/\/agora.xtec.cat\/ceipvistaalegre\/wp-json\/wp\/v2\/posts\/11584\/revisions\/11588"}],"wp:featuredmedia":[{"embeddable":true,"href":"https:\/\/agora.xtec.cat\/ceipvistaalegre\/wp-json\/wp\/v2\/media\/11585"}],"wp:attachment":[{"href":"https:\/\/agora.xtec.cat\/ceipvistaalegre\/wp-json\/wp\/v2\/media?parent=11584"}],"wp:term":[{"taxonomy":"category","embeddable":true,"href":"https:\/\/agora.xtec.cat\/ceipvistaalegre\/wp-json\/wp\/v2\/categories?post=11584"},{"taxonomy":"post_tag","embeddable":true,"href":"https:\/\/agora.xtec.cat\/ceipvistaalegre\/wp-json\/wp\/v2\/tags?post=11584"}],"curies":[{"name":"wp","href":"https:\/\/api.w.org\/{rel}","templated":true}]}}