{"id":11582,"date":"2025-06-30T09:45:19","date_gmt":"2025-06-30T07:45:19","guid":{"rendered":"https:\/\/agora.xtec.cat\/ceipvistaalegre\/?p=11582"},"modified":"2025-06-30T12:14:30","modified_gmt":"2025-06-30T10:14:30","slug":"__trashed","status":"publish","type":"post","link":"https:\/\/agora.xtec.cat\/ceipvistaalegre\/general\/__trashed\/","title":{"rendered":"Ruta modernista per Matar\u00f3"},"content":{"rendered":"<p>Durant el segon trimestre els nens i nenes de 3r hem estat fent un projecte sobre Antoni Gaud\u00ed per con\u00e8ixer la seva vida, les seves obres i el moviment cultural que el va inspirar: el modernisme. Seguint amb el projecte, el tercer trimestre hem vist que a la nostra ciutat hi ha moltes mostres de l&#8217;estil modernista com el que tenia Gaud\u00ed, aix\u00ed que hem fet una ruta per la ciutat resolent diferents reptes a cada un dels edificis modernistes m\u00e9s emblem\u00e0tics: la casa Coll i Reg\u00e0s, la casa natal de Puig i Cadafalch, el <em>Mercat el Rengle<\/em> o la botiga <em>La Confianza<\/em>.<\/p>\n","protected":false},"excerpt":{"rendered":"<p>Durant el segon trimestre els nens i nenes de 3r hem estat fent un projecte sobre Antoni Gaud\u00ed per con\u00e8ixer la seva vida, les seves obres i el moviment cultural que el va inspirar: el modernisme. Seguint amb el projecte, el tercer trimestre hem vist&hellip;  <a href=\"https:\/\/agora.xtec.cat\/ceipvistaalegre\/general\/__trashed\/\" title=\"Read Ruta modernista per Matar\u00f3\">Llegeix m\u00e9s\u00bb<\/a><\/p>\n","protected":false},"author":22,"featured_media":0,"comment_status":"open","ping_status":"open","sticky":false,"template":"","format":"standard","meta":{"_bbp_topic_count":0,"_bbp_reply_count":0,"_bbp_total_topic_count":0,"_bbp_total_reply_count":0,"_bbp_voice_count":0,"_bbp_anonymous_reply_count":0,"_bbp_topic_count_hidden":0,"_bbp_reply_count_hidden":0,"_bbp_forum_subforum_count":0,"footnotes":""},"categories":[1],"tags":[],"class_list":["post-11582","post","type-post","status-publish","format-standard","hentry","category-general"],"post_mailing_queue_ids":[],"_links":{"self":[{"href":"https:\/\/agora.xtec.cat\/ceipvistaalegre\/wp-json\/wp\/v2\/posts\/11582","targetHints":{"allow":["GET"]}}],"collection":[{"href":"https:\/\/agora.xtec.cat\/ceipvistaalegre\/wp-json\/wp\/v2\/posts"}],"about":[{"href":"https:\/\/agora.xtec.cat\/ceipvistaalegre\/wp-json\/wp\/v2\/types\/post"}],"author":[{"embeddable":true,"href":"https:\/\/agora.xtec.cat\/ceipvistaalegre\/wp-json\/wp\/v2\/users\/22"}],"replies":[{"embeddable":true,"href":"https:\/\/agora.xtec.cat\/ceipvistaalegre\/wp-json\/wp\/v2\/comments?post=11582"}],"version-history":[{"count":1,"href":"https:\/\/agora.xtec.cat\/ceipvistaalegre\/wp-json\/wp\/v2\/posts\/11582\/revisions"}],"predecessor-version":[{"id":11583,"href":"https:\/\/agora.xtec.cat\/ceipvistaalegre\/wp-json\/wp\/v2\/posts\/11582\/revisions\/11583"}],"wp:attachment":[{"href":"https:\/\/agora.xtec.cat\/ceipvistaalegre\/wp-json\/wp\/v2\/media?parent=11582"}],"wp:term":[{"taxonomy":"category","embeddable":true,"href":"https:\/\/agora.xtec.cat\/ceipvistaalegre\/wp-json\/wp\/v2\/categories?post=11582"},{"taxonomy":"post_tag","embeddable":true,"href":"https:\/\/agora.xtec.cat\/ceipvistaalegre\/wp-json\/wp\/v2\/tags?post=11582"}],"curies":[{"name":"wp","href":"https:\/\/api.w.org\/{rel}","templated":true}]}}