{"id":11565,"date":"2025-06-13T17:40:11","date_gmt":"2025-06-13T15:40:11","guid":{"rendered":"https:\/\/agora.xtec.cat\/ceipvistaalegre\/?p=11565"},"modified":"2025-06-30T12:24:59","modified_gmt":"2025-06-30T10:24:59","slug":"sortida-padel-surf-i-caiac","status":"publish","type":"post","link":"https:\/\/agora.xtec.cat\/ceipvistaalegre\/primaria\/5e\/sortida-padel-surf-i-caiac\/","title":{"rendered":"Sortida P\u00e0del surf i Caiac"},"content":{"rendered":"<p>Avui els alumnes de cinqu\u00e8 han viscut una jornada emocionant i plena d&#8217;aventures amb una sortida a la platja per practicar &#8220;p\u00e0del surf i caiac&#8221;. Un cop arribats a la platja, el primer que hem fet ha estat posar els para-sols, esmorzar i una bona estona de diversi\u00f3 a l&#8217;aigua. Despr\u00e9s s&#8217;ha realitzat les activitats, els monitors especialitzats han donat una explicaci\u00f3 inicial sobre les normes de seguretat i la t\u00e8cnica b\u00e0sica per practicar p\u00e0del surf i caiac. Amb els armilles posades i molta il\u00b7lusi\u00f3, els nens i nenes s&#8217;han dividit en grups i han comen\u00e7at les activitats.<\/p>\n<p>Amb molts somriures, diversi\u00f3 i emoci\u00f3, hem passat un mat\u00ed genial!<\/p>\n<p><a href=\"https:\/\/agora.xtec.cat\/ceipvistaalegre\/wp-content\/uploads\/usu1936\/2025\/06\/WhatsApp-Image-2025-06-13-at-16.54.37.jpeg\"><img loading=\"lazy\" decoding=\"async\" class=\"alignnone wp-image-11566\" src=\"https:\/\/agora.xtec.cat\/ceipvistaalegre\/wp-content\/uploads\/usu1936\/2025\/06\/WhatsApp-Image-2025-06-13-at-16.54.37-771x1024.jpeg\" alt=\"\" width=\"236\" height=\"313\" srcset=\"https:\/\/agora.xtec.cat\/ceipvistaalegre\/wp-content\/uploads\/usu1936\/2025\/06\/WhatsApp-Image-2025-06-13-at-16.54.37-771x1024.jpeg 771w, https:\/\/agora.xtec.cat\/ceipvistaalegre\/wp-content\/uploads\/usu1936\/2025\/06\/WhatsApp-Image-2025-06-13-at-16.54.37-226x300.jpeg 226w, https:\/\/agora.xtec.cat\/ceipvistaalegre\/wp-content\/uploads\/usu1936\/2025\/06\/WhatsApp-Image-2025-06-13-at-16.54.37-768x1020.jpeg 768w, https:\/\/agora.xtec.cat\/ceipvistaalegre\/wp-content\/uploads\/usu1936\/2025\/06\/WhatsApp-Image-2025-06-13-at-16.54.37-1157x1536.jpeg 1157w, https:\/\/agora.xtec.cat\/ceipvistaalegre\/wp-content\/uploads\/usu1936\/2025\/06\/WhatsApp-Image-2025-06-13-at-16.54.37.jpeg 1536w\" sizes=\"auto, (max-width: 236px) 100vw, 236px\" \/><\/a><\/p>\n<p>&nbsp;<\/p>\n","protected":false},"excerpt":{"rendered":"<p>Avui els alumnes de cinqu\u00e8 han viscut una jornada emocionant i plena d&#8217;aventures amb una sortida a la platja per practicar &#8220;p\u00e0del surf i caiac&#8221;. Un cop arribats a la platja, el primer que hem fet ha estat posar els para-sols, esmorzar i una bona&hellip;  <a href=\"https:\/\/agora.xtec.cat\/ceipvistaalegre\/primaria\/5e\/sortida-padel-surf-i-caiac\/\" title=\"Read Sortida P\u00e0del surf i Caiac\">Llegeix m\u00e9s\u00bb<\/a><\/p>\n","protected":false},"author":18,"featured_media":0,"comment_status":"open","ping_status":"open","sticky":false,"template":"","format":"standard","meta":{"_bbp_topic_count":0,"_bbp_reply_count":0,"_bbp_total_topic_count":0,"_bbp_total_reply_count":0,"_bbp_voice_count":0,"_bbp_anonymous_reply_count":0,"_bbp_topic_count_hidden":0,"_bbp_reply_count_hidden":0,"_bbp_forum_subforum_count":0,"footnotes":""},"categories":[14],"tags":[],"class_list":["post-11565","post","type-post","status-publish","format-standard","hentry","category-5e"],"post_mailing_queue_ids":[],"_links":{"self":[{"href":"https:\/\/agora.xtec.cat\/ceipvistaalegre\/wp-json\/wp\/v2\/posts\/11565","targetHints":{"allow":["GET"]}}],"collection":[{"href":"https:\/\/agora.xtec.cat\/ceipvistaalegre\/wp-json\/wp\/v2\/posts"}],"about":[{"href":"https:\/\/agora.xtec.cat\/ceipvistaalegre\/wp-json\/wp\/v2\/types\/post"}],"author":[{"embeddable":true,"href":"https:\/\/agora.xtec.cat\/ceipvistaalegre\/wp-json\/wp\/v2\/users\/18"}],"replies":[{"embeddable":true,"href":"https:\/\/agora.xtec.cat\/ceipvistaalegre\/wp-json\/wp\/v2\/comments?post=11565"}],"version-history":[{"count":1,"href":"https:\/\/agora.xtec.cat\/ceipvistaalegre\/wp-json\/wp\/v2\/posts\/11565\/revisions"}],"predecessor-version":[{"id":11567,"href":"https:\/\/agora.xtec.cat\/ceipvistaalegre\/wp-json\/wp\/v2\/posts\/11565\/revisions\/11567"}],"wp:attachment":[{"href":"https:\/\/agora.xtec.cat\/ceipvistaalegre\/wp-json\/wp\/v2\/media?parent=11565"}],"wp:term":[{"taxonomy":"category","embeddable":true,"href":"https:\/\/agora.xtec.cat\/ceipvistaalegre\/wp-json\/wp\/v2\/categories?post=11565"},{"taxonomy":"post_tag","embeddable":true,"href":"https:\/\/agora.xtec.cat\/ceipvistaalegre\/wp-json\/wp\/v2\/tags?post=11565"}],"curies":[{"name":"wp","href":"https:\/\/api.w.org\/{rel}","templated":true}]}}