{"id":11558,"date":"2025-06-10T18:35:42","date_gmt":"2025-06-10T16:35:42","guid":{"rendered":"https:\/\/agora.xtec.cat\/ceipvistaalegre\/?p=11558"},"modified":"2025-06-30T12:25:23","modified_gmt":"2025-06-30T10:25:23","slug":"cloenda-cueme-2","status":"publish","type":"post","link":"https:\/\/agora.xtec.cat\/ceipvistaalegre\/primaria\/5e\/cloenda-cueme-2\/","title":{"rendered":"CLOENDA CUEME"},"content":{"rendered":"<p>Aquest mat\u00ed hem celebrat la cloenda del Projecte Cueme al teatre Monumental de Matar\u00f3. La jornada ha estat un moment molt especial i emotiu ja que els nens han fet l&#8217;entrega del xec solidari a l&#8217;entitat C\u00e0ritas de Matar\u00f3, amb els beneficis obtinguts gr\u00e0cies a la seva cooperativa. Amb aquest gest, els alumnes han demostrat que emprendre no nom\u00e9s significa generar activitat econ\u00f2mica, sin\u00f3 tamb\u00e9 contribuir al benestar de la comunitat.<\/p>\n<p>El CUEME ha deixat una emprenta profunda en els nostres alumnes, que han apr\u00e8s que amb comprom\u00eds, esfor\u00e7 i col\u00b7laboraci\u00f3 es poden aconseguir grans coses.<\/p>\n<p>Felicitats, cooperativistes! Gr\u00e0cies per fer del vostre aprenentatge una eina per millorar el m\u00f3n.<\/p>\n<p><img loading=\"lazy\" decoding=\"async\" class=\"alignnone wp-image-11559\" src=\"https:\/\/agora.xtec.cat\/ceipvistaalegre\/wp-content\/uploads\/usu1936\/2025\/06\/WhatsApp-Image-2025-06-10-at-18.28.20-1024x768.jpeg\" alt=\"\" width=\"377\" height=\"283\" srcset=\"https:\/\/agora.xtec.cat\/ceipvistaalegre\/wp-content\/uploads\/usu1936\/2025\/06\/WhatsApp-Image-2025-06-10-at-18.28.20-1024x768.jpeg 1024w, https:\/\/agora.xtec.cat\/ceipvistaalegre\/wp-content\/uploads\/usu1936\/2025\/06\/WhatsApp-Image-2025-06-10-at-18.28.20-300x225.jpeg 300w, https:\/\/agora.xtec.cat\/ceipvistaalegre\/wp-content\/uploads\/usu1936\/2025\/06\/WhatsApp-Image-2025-06-10-at-18.28.20-768x576.jpeg 768w, https:\/\/agora.xtec.cat\/ceipvistaalegre\/wp-content\/uploads\/usu1936\/2025\/06\/WhatsApp-Image-2025-06-10-at-18.28.20-1536x1152.jpeg 1536w, https:\/\/agora.xtec.cat\/ceipvistaalegre\/wp-content\/uploads\/usu1936\/2025\/06\/WhatsApp-Image-2025-06-10-at-18.28.20-200x150.jpeg 200w, https:\/\/agora.xtec.cat\/ceipvistaalegre\/wp-content\/uploads\/usu1936\/2025\/06\/WhatsApp-Image-2025-06-10-at-18.28.20.jpeg 2048w\" sizes=\"auto, (max-width: 377px) 100vw, 377px\" \/><\/p>\n<p>&nbsp;<\/p>\n<p>&nbsp;<\/p>\n","protected":false},"excerpt":{"rendered":"<p>Aquest mat\u00ed hem celebrat la cloenda del Projecte Cueme al teatre Monumental de Matar\u00f3. La jornada ha estat un moment molt especial i emotiu ja que els nens han fet l&#8217;entrega del xec solidari a l&#8217;entitat C\u00e0ritas de Matar\u00f3, amb els beneficis obtinguts gr\u00e0cies a&hellip;  <a href=\"https:\/\/agora.xtec.cat\/ceipvistaalegre\/primaria\/5e\/cloenda-cueme-2\/\" title=\"Read CLOENDA CUEME\">Llegeix m\u00e9s\u00bb<\/a><\/p>\n","protected":false},"author":18,"featured_media":0,"comment_status":"open","ping_status":"open","sticky":false,"template":"","format":"standard","meta":{"_bbp_topic_count":0,"_bbp_reply_count":0,"_bbp_total_topic_count":0,"_bbp_total_reply_count":0,"_bbp_voice_count":0,"_bbp_anonymous_reply_count":0,"_bbp_topic_count_hidden":0,"_bbp_reply_count_hidden":0,"_bbp_forum_subforum_count":0,"footnotes":""},"categories":[14],"tags":[],"class_list":["post-11558","post","type-post","status-publish","format-standard","hentry","category-5e"],"post_mailing_queue_ids":[],"_links":{"self":[{"href":"https:\/\/agora.xtec.cat\/ceipvistaalegre\/wp-json\/wp\/v2\/posts\/11558","targetHints":{"allow":["GET"]}}],"collection":[{"href":"https:\/\/agora.xtec.cat\/ceipvistaalegre\/wp-json\/wp\/v2\/posts"}],"about":[{"href":"https:\/\/agora.xtec.cat\/ceipvistaalegre\/wp-json\/wp\/v2\/types\/post"}],"author":[{"embeddable":true,"href":"https:\/\/agora.xtec.cat\/ceipvistaalegre\/wp-json\/wp\/v2\/users\/18"}],"replies":[{"embeddable":true,"href":"https:\/\/agora.xtec.cat\/ceipvistaalegre\/wp-json\/wp\/v2\/comments?post=11558"}],"version-history":[{"count":1,"href":"https:\/\/agora.xtec.cat\/ceipvistaalegre\/wp-json\/wp\/v2\/posts\/11558\/revisions"}],"predecessor-version":[{"id":11560,"href":"https:\/\/agora.xtec.cat\/ceipvistaalegre\/wp-json\/wp\/v2\/posts\/11558\/revisions\/11560"}],"wp:attachment":[{"href":"https:\/\/agora.xtec.cat\/ceipvistaalegre\/wp-json\/wp\/v2\/media?parent=11558"}],"wp:term":[{"taxonomy":"category","embeddable":true,"href":"https:\/\/agora.xtec.cat\/ceipvistaalegre\/wp-json\/wp\/v2\/categories?post=11558"},{"taxonomy":"post_tag","embeddable":true,"href":"https:\/\/agora.xtec.cat\/ceipvistaalegre\/wp-json\/wp\/v2\/tags?post=11558"}],"curies":[{"name":"wp","href":"https:\/\/api.w.org\/{rel}","templated":true}]}}