{"id":11547,"date":"2025-06-08T21:35:40","date_gmt":"2025-06-08T19:35:40","guid":{"rendered":"https:\/\/agora.xtec.cat\/ceipvistaalegre\/?p=11547"},"modified":"2025-06-30T12:25:48","modified_gmt":"2025-06-30T10:25:48","slug":"la-rosella-observacio-consciencia-i-mes","status":"publish","type":"post","link":"https:\/\/agora.xtec.cat\/ceipvistaalegre\/infantil\/infantil-4-anys\/la-rosella-observacio-consciencia-i-mes\/","title":{"rendered":"La rosella: observaci\u00f3, consci\u00e8ncia i m\u00e9s&#8230;"},"content":{"rendered":"<p><a href=\"https:\/\/agora.xtec.cat\/ceipvistaalegre\/infantil\/infantil-4-anys\/la-rosella-observacio-consciencia-i-mes\/attachment\/img_6671\/\" rel=\"attachment wp-att-11548\"><img loading=\"lazy\" decoding=\"async\" class=\"aligncenter size-full wp-image-11548\" src=\"https:\/\/agora.xtec.cat\/ceipvistaalegre\/wp-content\/uploads\/usu1936\/2025\/06\/IMG_6671-scaled.jpeg\" alt=\"\" width=\"2560\" height=\"2560\" srcset=\"https:\/\/agora.xtec.cat\/ceipvistaalegre\/wp-content\/uploads\/usu1936\/2025\/06\/IMG_6671-scaled.jpeg 2560w, https:\/\/agora.xtec.cat\/ceipvistaalegre\/wp-content\/uploads\/usu1936\/2025\/06\/IMG_6671-300x300.jpeg 300w, https:\/\/agora.xtec.cat\/ceipvistaalegre\/wp-content\/uploads\/usu1936\/2025\/06\/IMG_6671-1024x1024.jpeg 1024w, https:\/\/agora.xtec.cat\/ceipvistaalegre\/wp-content\/uploads\/usu1936\/2025\/06\/IMG_6671-150x150.jpeg 150w, https:\/\/agora.xtec.cat\/ceipvistaalegre\/wp-content\/uploads\/usu1936\/2025\/06\/IMG_6671-768x768.jpeg 768w, https:\/\/agora.xtec.cat\/ceipvistaalegre\/wp-content\/uploads\/usu1936\/2025\/06\/IMG_6671-1536x1536.jpeg 1536w, https:\/\/agora.xtec.cat\/ceipvistaalegre\/wp-content\/uploads\/usu1936\/2025\/06\/IMG_6671-2048x2048.jpeg 2048w\" sizes=\"auto, (max-width: 2560px) 100vw, 2560px\" \/><\/a><\/p>\n<p>Amb l&#8217;arribada d&#8217;unes roselles a l&#8217;aula hem anat fent un seguit d&#8217;activitats:<\/p>\n<ul>\n<li><em>Descoberta i observaci\u00f3<\/em>: ens fem preguntes per anar-la coneixent millor. Com \u00e9s una rosella, les seves parts, els colors que la componen, per qu\u00e8 la tija t\u00e9 p\u00e8ls, on viuen&#8230; Els llibres de l&#8217;aula ens acompanyen en aquesta descoberta.<\/li>\n<li><em>Consci\u00e8ncia fonol\u00f2gica<\/em>: portem tot el curs treballant molt i molt la consci\u00e8ncia fonol\u00f2gica per posar les bases de la lectoescriptura. Aquesta endevinalla ens permet treballar la rima, el llenguatge oral, el vocabulari, la mem\u00f2ria&#8230; Despr\u00e9s analitzem la paraula: comptem les s\u00edl\u00b7labes, associem cada so a una grafia.<\/li>\n<li><em>Ll. escrit:\u00a0<\/em>a partir del so de cada fonema confegim lletra a lletra i finalment fem l&#8217;escriptura natural\u00a0 &#8220;rusella&#8221;.<\/li>\n<li><em>Ll. pl\u00e0stic: <\/em>elaborem i dibuixem la rosella a partir de l&#8217;observaci\u00f3.<\/li>\n<\/ul>\n","protected":false},"excerpt":{"rendered":"<p><a href=\"https:\/\/agora.xtec.cat\/ceipvistaalegre\/infantil\/infantil-4-anys\/la-rosella-observacio-consciencia-i-mes\/attachment\/img_6671\/\" rel=\"attachment wp-att-11548\"><\/a><br \/>\nAmb l&#8217;arribada d&#8217;unes roselles a l&#8217;aula hem anat fent un seguit d&#8217;activitats:<\/p>\n<ul>\n<li>Descoberta i observaci\u00f3: ens fem preguntes per anar-la coneixent millor. Com \u00e9s una rosella, les seves parts, els colors que la componen, per qu\u00e8 la tija t\u00e9 p\u00e8ls, on viuen&#8230; Els&hellip;  <a href=\"https:\/\/agora.xtec.cat\/ceipvistaalegre\/infantil\/infantil-4-anys\/la-rosella-observacio-consciencia-i-mes\/\" title=\"Read La rosella: observaci\u00f3, consci\u00e8ncia i m\u00e9s&#8230;\">Llegeix m\u00e9s\u00bb<\/a><br \/>\n","protected":false},"author":4,"featured_media":0,"comment_status":"open","ping_status":"open","sticky":false,"template":"","format":"standard","meta":{"_bbp_topic_count":0,"_bbp_reply_count":0,"_bbp_total_topic_count":0,"_bbp_total_reply_count":0,"_bbp_voice_count":0,"_bbp_anonymous_reply_count":0,"_bbp_topic_count_hidden":0,"_bbp_reply_count_hidden":0,"_bbp_forum_subforum_count":0,"footnotes":""},"categories":[8],"tags":[234,318,103,329,239],"class_list":["post-11547","post","type-post","status-publish","format-standard","hentry","category-infantil-4-anys","tag-consciencia-fonologica","tag-descoberta-de-lentorn","tag-lectoescriptura","tag-llenguatge-plastic","tag-observacio"],"post_mailing_queue_ids":[],"_links":{"self":[{"href":"https:\/\/agora.xtec.cat\/ceipvistaalegre\/wp-json\/wp\/v2\/posts\/11547","targetHints":{"allow":["GET"]}}],"collection":[{"href":"https:\/\/agora.xtec.cat\/ceipvistaalegre\/wp-json\/wp\/v2\/posts"}],"about":[{"href":"https:\/\/agora.xtec.cat\/ceipvistaalegre\/wp-json\/wp\/v2\/types\/post"}],"author":[{"embeddable":true,"href":"https:\/\/agora.xtec.cat\/ceipvistaalegre\/wp-json\/wp\/v2\/users\/4"}],"replies":[{"embeddable":true,"href":"https:\/\/agora.xtec.cat\/ceipvistaalegre\/wp-json\/wp\/v2\/comments?post=11547"}],"version-history":[{"count":4,"href":"https:\/\/agora.xtec.cat\/ceipvistaalegre\/wp-json\/wp\/v2\/posts\/11547\/revisions"}],"predecessor-version":[{"id":11552,"href":"https:\/\/agora.xtec.cat\/ceipvistaalegre\/wp-json\/wp\/v2\/posts\/11547\/revisions\/11552"}],"wp:attachment":[{"href":"https:\/\/agora.xtec.cat\/ceipvistaalegre\/wp-json\/wp\/v2\/media?parent=11547"}],"wp:term":[{"taxonomy":"category","embeddable":true,"href":"https:\/\/agora.xtec.cat\/ceipvistaalegre\/wp-json\/wp\/v2\/categories?post=11547"},{"taxonomy":"post_tag","embeddable":true,"href":"https:\/\/agora.xtec.cat\/ceipvistaalegre\/wp-json\/wp\/v2\/tags?post=11547"}],"curies":[{"name":"wp","href":"https:\/\/api.w.org\/{rel}","templated":true}]}}