{"id":11543,"date":"2025-06-05T23:02:40","date_gmt":"2025-06-05T21:02:40","guid":{"rendered":"https:\/\/agora.xtec.cat\/ceipvistaalegre\/?p=11543"},"modified":"2025-06-30T12:26:01","modified_gmt":"2025-06-30T10:26:01","slug":"consell-dinfants-4","status":"publish","type":"post","link":"https:\/\/agora.xtec.cat\/ceipvistaalegre\/primaria\/5e\/consell-dinfants-4\/","title":{"rendered":"Consell d&#8217;Infants"},"content":{"rendered":"<p>Aquest any s&#8217;ha celebrat el des\u00e8 aniversari del Consell d&#8217;Infants de Matar\u00f3. Al llarg del curs s&#8217;ha treballat el tema &#8220;La seguretat a Matar\u00f3&#8221;, \u00e9s un tema molt important que preocupa als infants. Com a membres del Consell d&#8217;Infants de l&#8217;Ajuntament de Matar\u00f3 , el representant de cinqu\u00e8 i la representant de sis\u00e8 han tingut l&#8217;oportunitat de parlar i reflexionar sobre com podem millorar la seguretat a la nostra ciutat.<\/p>\n<p>Durant les reunions, han comentat que \u00e9s fonamental que les places, els carrers i els espais p\u00fablics estiguin ben il\u00b7luminats i nets. Tamb\u00e9 han proposat que hi hagi m\u00e9s senyals de tr\u00e0nsit i passos de vianants ben visibles, i que hi hagi m\u00e9s agents de policia.<\/p>\n<p>Finalment s&#8217;ha destacat que la col\u00b7laboraci\u00f3 entre els ve\u00efns, els escolars i l&#8217;Ajuntament \u00e9s clau per fer de Matar\u00f3 una ciutat m\u00e9s segura i agradable per a tothom. Han estat molt contents de poder participar en aquest proc\u00e9s i esperen que les seves idees ajudin a millorar la seguretat de la ciutat.<\/p>\n<p><img loading=\"lazy\" decoding=\"async\" class=\"alignnone wp-image-11544\" src=\"https:\/\/agora.xtec.cat\/ceipvistaalegre\/wp-content\/uploads\/usu1936\/2025\/06\/WhatsApp-Image-2025-06-05-at-22.57.52-1024x768.jpeg\" alt=\"\" width=\"368\" height=\"276\" srcset=\"https:\/\/agora.xtec.cat\/ceipvistaalegre\/wp-content\/uploads\/usu1936\/2025\/06\/WhatsApp-Image-2025-06-05-at-22.57.52-1024x768.jpeg 1024w, https:\/\/agora.xtec.cat\/ceipvistaalegre\/wp-content\/uploads\/usu1936\/2025\/06\/WhatsApp-Image-2025-06-05-at-22.57.52-300x225.jpeg 300w, https:\/\/agora.xtec.cat\/ceipvistaalegre\/wp-content\/uploads\/usu1936\/2025\/06\/WhatsApp-Image-2025-06-05-at-22.57.52-768x576.jpeg 768w, https:\/\/agora.xtec.cat\/ceipvistaalegre\/wp-content\/uploads\/usu1936\/2025\/06\/WhatsApp-Image-2025-06-05-at-22.57.52-1536x1152.jpeg 1536w, https:\/\/agora.xtec.cat\/ceipvistaalegre\/wp-content\/uploads\/usu1936\/2025\/06\/WhatsApp-Image-2025-06-05-at-22.57.52-200x150.jpeg 200w, https:\/\/agora.xtec.cat\/ceipvistaalegre\/wp-content\/uploads\/usu1936\/2025\/06\/WhatsApp-Image-2025-06-05-at-22.57.52.jpeg 2048w\" sizes=\"auto, (max-width: 368px) 100vw, 368px\" \/><\/p>\n","protected":false},"excerpt":{"rendered":"<p>Aquest any s&#8217;ha celebrat el des\u00e8 aniversari del Consell d&#8217;Infants de Matar\u00f3. Al llarg del curs s&#8217;ha treballat el tema &#8220;La seguretat a Matar\u00f3&#8221;, \u00e9s un tema molt important que preocupa als infants. Com a membres del Consell d&#8217;Infants de l&#8217;Ajuntament de Matar\u00f3 , el&hellip;  <a href=\"https:\/\/agora.xtec.cat\/ceipvistaalegre\/primaria\/5e\/consell-dinfants-4\/\" title=\"Read Consell d&#8217;Infants\">Llegeix m\u00e9s\u00bb<\/a><\/p>\n","protected":false},"author":18,"featured_media":0,"comment_status":"open","ping_status":"open","sticky":false,"template":"","format":"standard","meta":{"_bbp_topic_count":0,"_bbp_reply_count":0,"_bbp_total_topic_count":0,"_bbp_total_reply_count":0,"_bbp_voice_count":0,"_bbp_anonymous_reply_count":0,"_bbp_topic_count_hidden":0,"_bbp_reply_count_hidden":0,"_bbp_forum_subforum_count":0,"footnotes":""},"categories":[14],"tags":[],"class_list":["post-11543","post","type-post","status-publish","format-standard","hentry","category-5e"],"post_mailing_queue_ids":[],"_links":{"self":[{"href":"https:\/\/agora.xtec.cat\/ceipvistaalegre\/wp-json\/wp\/v2\/posts\/11543","targetHints":{"allow":["GET"]}}],"collection":[{"href":"https:\/\/agora.xtec.cat\/ceipvistaalegre\/wp-json\/wp\/v2\/posts"}],"about":[{"href":"https:\/\/agora.xtec.cat\/ceipvistaalegre\/wp-json\/wp\/v2\/types\/post"}],"author":[{"embeddable":true,"href":"https:\/\/agora.xtec.cat\/ceipvistaalegre\/wp-json\/wp\/v2\/users\/18"}],"replies":[{"embeddable":true,"href":"https:\/\/agora.xtec.cat\/ceipvistaalegre\/wp-json\/wp\/v2\/comments?post=11543"}],"version-history":[{"count":1,"href":"https:\/\/agora.xtec.cat\/ceipvistaalegre\/wp-json\/wp\/v2\/posts\/11543\/revisions"}],"predecessor-version":[{"id":11545,"href":"https:\/\/agora.xtec.cat\/ceipvistaalegre\/wp-json\/wp\/v2\/posts\/11543\/revisions\/11545"}],"wp:attachment":[{"href":"https:\/\/agora.xtec.cat\/ceipvistaalegre\/wp-json\/wp\/v2\/media?parent=11543"}],"wp:term":[{"taxonomy":"category","embeddable":true,"href":"https:\/\/agora.xtec.cat\/ceipvistaalegre\/wp-json\/wp\/v2\/categories?post=11543"},{"taxonomy":"post_tag","embeddable":true,"href":"https:\/\/agora.xtec.cat\/ceipvistaalegre\/wp-json\/wp\/v2\/tags?post=11543"}],"curies":[{"name":"wp","href":"https:\/\/api.w.org\/{rel}","templated":true}]}}