{"id":11535,"date":"2025-06-05T09:54:12","date_gmt":"2025-06-05T07:54:12","guid":{"rendered":"https:\/\/agora.xtec.cat\/ceipvistaalegre\/?p=11535"},"modified":"2025-09-21T20:12:33","modified_gmt":"2025-09-21T18:12:33","slug":"una-sortida-per-mataro","status":"publish","type":"post","link":"https:\/\/agora.xtec.cat\/ceipvistaalegre\/primaria\/4t\/una-sortida-per-mataro\/","title":{"rendered":"Una sortida per Matar\u00f3"},"content":{"rendered":"<p>Aquest dimarts 27 de maig hem anat d&#8217;excursi\u00f3 a la Casa Coll i Reg\u00e0s.<\/p>\n<p>Ens han ensenyat com es deia el propietari i l&#8217;arquitecte. El propietari es deia Joaquim Coll i Reg\u00e0s i l&#8217;arquitecte Josep Puig i Cadafalch. La casa, el dia d&#8217;abans va fer 128 anys.<\/p>\n<p>Quan vam sortir, vam anar a passejar per Matar\u00f3 passant per: la creu d&#8217;orientaci\u00f3, la pla\u00e7a de la Peixateria, el mercat, el cementiri del costat de l&#8217;esgl\u00e9sia, feia anys per aix\u00f2 que estava enterrat metres a baix, el gimn\u00e0s rom\u00e0, la nau Gaud\u00ed que ens van deixar mirar-la per dins i vam veure que el sostre era la part d&#8217;a baix d&#8217;un vaixell, una muralla on hi havia una torre de vigil\u00e0ncia estrat\u00e8gicament col\u00b7locada per veure si els atacaven els pirates.<\/p>\n<p>Al final vam anar a la floristeria que hi ha darrera de l&#8217;Ajuntament on hi ha un vidre que permet veure l&#8217;\u00fanic tros de muralla romana que queda en tota Matar\u00f3.<\/p>\n<p>Vam saber que a la Matar\u00f3 antiga hi havien 7 entrades per entrar al poble.<\/p>\n<p>La Matar\u00f3 antiga es deia Iluro.<\/p>\n<p>Al costat hi havia la ma agafant una mata que surt a l&#8217;escut de Matar\u00f3.<\/p>\n<p>Al final vam pujar i vam marxar cap a casa.<\/p>\n<p><strong>Text escrit pel Pol.<a href=\"https:\/\/agora.xtec.cat\/ceipvistaalegre\/wp-content\/uploads\/usu1936\/2025\/06\/Screenshot_20250602_162529_Gallery.jpg\"><img loading=\"lazy\" decoding=\"async\" class=\"alignleft size-medium wp-image-11536\" src=\"https:\/\/agora.xtec.cat\/ceipvistaalegre\/wp-content\/uploads\/usu1936\/2025\/06\/Screenshot_20250602_162529_Gallery-300x225.jpg\" alt=\"\" width=\"300\" height=\"225\" srcset=\"https:\/\/agora.xtec.cat\/ceipvistaalegre\/wp-content\/uploads\/usu1936\/2025\/06\/Screenshot_20250602_162529_Gallery-300x225.jpg 300w, https:\/\/agora.xtec.cat\/ceipvistaalegre\/wp-content\/uploads\/usu1936\/2025\/06\/Screenshot_20250602_162529_Gallery-1024x767.jpg 1024w, https:\/\/agora.xtec.cat\/ceipvistaalegre\/wp-content\/uploads\/usu1936\/2025\/06\/Screenshot_20250602_162529_Gallery-768x575.jpg 768w, https:\/\/agora.xtec.cat\/ceipvistaalegre\/wp-content\/uploads\/usu1936\/2025\/06\/Screenshot_20250602_162529_Gallery-200x150.jpg 200w, https:\/\/agora.xtec.cat\/ceipvistaalegre\/wp-content\/uploads\/usu1936\/2025\/06\/Screenshot_20250602_162529_Gallery.jpg 1080w\" sizes=\"auto, (max-width: 300px) 100vw, 300px\" \/><\/a><a href=\"https:\/\/agora.xtec.cat\/ceipvistaalegre\/wp-content\/uploads\/usu1936\/2025\/06\/Screenshot_20250602_162555_Gallery.jpg\"><img loading=\"lazy\" decoding=\"async\" class=\"alignleft size-medium wp-image-11537\" src=\"https:\/\/agora.xtec.cat\/ceipvistaalegre\/wp-content\/uploads\/usu1936\/2025\/06\/Screenshot_20250602_162555_Gallery-225x300.jpg\" alt=\"\" width=\"225\" height=\"300\" srcset=\"https:\/\/agora.xtec.cat\/ceipvistaalegre\/wp-content\/uploads\/usu1936\/2025\/06\/Screenshot_20250602_162555_Gallery-225x300.jpg 225w, https:\/\/agora.xtec.cat\/ceipvistaalegre\/wp-content\/uploads\/usu1936\/2025\/06\/Screenshot_20250602_162555_Gallery-768x1024.jpg 768w, https:\/\/agora.xtec.cat\/ceipvistaalegre\/wp-content\/uploads\/usu1936\/2025\/06\/Screenshot_20250602_162555_Gallery.jpg 1067w\" sizes=\"auto, (max-width: 225px) 100vw, 225px\" \/><\/a><a href=\"https:\/\/agora.xtec.cat\/ceipvistaalegre\/wp-content\/uploads\/usu1936\/2025\/06\/Screenshot_20250602_162546_Gallery.jpg\"><img loading=\"lazy\" decoding=\"async\" class=\"alignleft size-medium wp-image-11538\" src=\"https:\/\/agora.xtec.cat\/ceipvistaalegre\/wp-content\/uploads\/usu1936\/2025\/06\/Screenshot_20250602_162546_Gallery-227x300.jpg\" alt=\"\" width=\"227\" height=\"300\" srcset=\"https:\/\/agora.xtec.cat\/ceipvistaalegre\/wp-content\/uploads\/usu1936\/2025\/06\/Screenshot_20250602_162546_Gallery-227x300.jpg 227w, https:\/\/agora.xtec.cat\/ceipvistaalegre\/wp-content\/uploads\/usu1936\/2025\/06\/Screenshot_20250602_162546_Gallery-775x1024.jpg 775w, https:\/\/agora.xtec.cat\/ceipvistaalegre\/wp-content\/uploads\/usu1936\/2025\/06\/Screenshot_20250602_162546_Gallery-768x1015.jpg 768w, https:\/\/agora.xtec.cat\/ceipvistaalegre\/wp-content\/uploads\/usu1936\/2025\/06\/Screenshot_20250602_162546_Gallery.jpg 1079w\" sizes=\"auto, (max-width: 227px) 100vw, 227px\" \/><\/a><\/strong><\/p>\n","protected":false},"excerpt":{"rendered":"<p>Aquest dimarts 27 de maig hem anat d&#8217;excursi\u00f3 a la Casa Coll i Reg\u00e0s.<br \/>\nEns han ensenyat com es deia el propietari i l&#8217;arquitecte. El propietari es deia Joaquim Coll i Reg\u00e0s i l&#8217;arquitecte Josep Puig i Cadafalch. La casa, el dia d&#8217;abans va fer 128&hellip;  <a href=\"https:\/\/agora.xtec.cat\/ceipvistaalegre\/primaria\/4t\/una-sortida-per-mataro\/\" title=\"Read Una sortida per Matar\u00f3\">Llegeix m\u00e9s\u00bb<\/a><\/p>\n","protected":false},"author":7,"featured_media":0,"comment_status":"open","ping_status":"open","sticky":false,"template":"","format":"standard","meta":{"_bbp_topic_count":0,"_bbp_reply_count":0,"_bbp_total_topic_count":0,"_bbp_total_reply_count":0,"_bbp_voice_count":0,"_bbp_anonymous_reply_count":0,"_bbp_topic_count_hidden":0,"_bbp_reply_count_hidden":0,"_bbp_forum_subforum_count":0,"footnotes":""},"categories":[13],"tags":[],"class_list":["post-11535","post","type-post","status-publish","format-standard","hentry","category-4t"],"post_mailing_queue_ids":[],"_links":{"self":[{"href":"https:\/\/agora.xtec.cat\/ceipvistaalegre\/wp-json\/wp\/v2\/posts\/11535","targetHints":{"allow":["GET"]}}],"collection":[{"href":"https:\/\/agora.xtec.cat\/ceipvistaalegre\/wp-json\/wp\/v2\/posts"}],"about":[{"href":"https:\/\/agora.xtec.cat\/ceipvistaalegre\/wp-json\/wp\/v2\/types\/post"}],"author":[{"embeddable":true,"href":"https:\/\/agora.xtec.cat\/ceipvistaalegre\/wp-json\/wp\/v2\/users\/7"}],"replies":[{"embeddable":true,"href":"https:\/\/agora.xtec.cat\/ceipvistaalegre\/wp-json\/wp\/v2\/comments?post=11535"}],"version-history":[{"count":1,"href":"https:\/\/agora.xtec.cat\/ceipvistaalegre\/wp-json\/wp\/v2\/posts\/11535\/revisions"}],"predecessor-version":[{"id":11539,"href":"https:\/\/agora.xtec.cat\/ceipvistaalegre\/wp-json\/wp\/v2\/posts\/11535\/revisions\/11539"}],"wp:attachment":[{"href":"https:\/\/agora.xtec.cat\/ceipvistaalegre\/wp-json\/wp\/v2\/media?parent=11535"}],"wp:term":[{"taxonomy":"category","embeddable":true,"href":"https:\/\/agora.xtec.cat\/ceipvistaalegre\/wp-json\/wp\/v2\/categories?post=11535"},{"taxonomy":"post_tag","embeddable":true,"href":"https:\/\/agora.xtec.cat\/ceipvistaalegre\/wp-json\/wp\/v2\/tags?post=11535"}],"curies":[{"name":"wp","href":"https:\/\/api.w.org\/{rel}","templated":true}]}}