{"id":11520,"date":"2025-05-28T22:37:27","date_gmt":"2025-05-28T20:37:27","guid":{"rendered":"https:\/\/agora.xtec.cat\/ceipvistaalegre\/?p=11520"},"modified":"2025-06-30T12:27:13","modified_gmt":"2025-06-30T10:27:13","slug":"anem-al-teatre","status":"publish","type":"post","link":"https:\/\/agora.xtec.cat\/ceipvistaalegre\/infantil\/infantil-4-anys\/anem-al-teatre\/","title":{"rendered":"Anem al teatre!"},"content":{"rendered":"<p><a href=\"https:\/\/agora.xtec.cat\/ceipvistaalegre\/infantil\/infantil-4-anys\/anem-al-teatre\/attachment\/img_6610\/\" rel=\"attachment wp-att-11521\"><img loading=\"lazy\" decoding=\"async\" class=\"aligncenter size-full wp-image-11521\" src=\"https:\/\/agora.xtec.cat\/ceipvistaalegre\/wp-content\/uploads\/usu1936\/2025\/05\/IMG_6610-scaled.jpeg\" alt=\"\" width=\"2560\" height=\"1440\" srcset=\"https:\/\/agora.xtec.cat\/ceipvistaalegre\/wp-content\/uploads\/usu1936\/2025\/05\/IMG_6610-scaled.jpeg 2560w, https:\/\/agora.xtec.cat\/ceipvistaalegre\/wp-content\/uploads\/usu1936\/2025\/05\/IMG_6610-300x169.jpeg 300w, https:\/\/agora.xtec.cat\/ceipvistaalegre\/wp-content\/uploads\/usu1936\/2025\/05\/IMG_6610-1024x576.jpeg 1024w, https:\/\/agora.xtec.cat\/ceipvistaalegre\/wp-content\/uploads\/usu1936\/2025\/05\/IMG_6610-768x432.jpeg 768w, https:\/\/agora.xtec.cat\/ceipvistaalegre\/wp-content\/uploads\/usu1936\/2025\/05\/IMG_6610-1536x864.jpeg 1536w, https:\/\/agora.xtec.cat\/ceipvistaalegre\/wp-content\/uploads\/usu1936\/2025\/05\/IMG_6610-2048x1152.jpeg 2048w\" sizes=\"auto, (max-width: 2560px) 100vw, 2560px\" \/><\/a><br \/>\nAvui, els nens i nenes de la classe de la fam\u00edlia Robafaves hem anat a veure un espectacle de titelles al teatre Monumental de Matar\u00f3. Hem vist l&#8217;obra Safari, on a trav\u00e9s de les aventures d&#8217;una colla d&#8217;animals salvatges ens ha fet reflexionar sobre el respecte vers els altres.<\/p>\n","protected":false},"excerpt":{"rendered":"<p><a href=\"https:\/\/agora.xtec.cat\/ceipvistaalegre\/infantil\/infantil-4-anys\/anem-al-teatre\/attachment\/img_6610\/\" rel=\"attachment wp-att-11521\"><\/a><br \/>\nAvui, els nens i nenes de la classe de la fam\u00edlia Robafaves hem anat a veure un espectacle de titelles al teatre Monumental de Matar\u00f3. Hem vist l&#8217;obra Safari, on a trav\u00e9s de les aventures d&#8217;una colla d&#8217;animals salvatges ens ha fet&hellip;  <a href=\"https:\/\/agora.xtec.cat\/ceipvistaalegre\/infantil\/infantil-4-anys\/anem-al-teatre\/\" title=\"Read Anem al teatre!\">Llegeix m\u00e9s\u00bb<\/a><\/p>\n","protected":false},"author":4,"featured_media":0,"comment_status":"open","ping_status":"closed","sticky":false,"template":"","format":"standard","meta":{"_bbp_topic_count":0,"_bbp_reply_count":0,"_bbp_total_topic_count":0,"_bbp_total_reply_count":0,"_bbp_voice_count":0,"_bbp_anonymous_reply_count":0,"_bbp_topic_count_hidden":0,"_bbp_reply_count_hidden":0,"_bbp_forum_subforum_count":0,"footnotes":""},"categories":[8],"tags":[300,307,318,16,106],"class_list":["post-11520","post","type-post","status-publish","format-standard","hentry","category-infantil-4-anys","tag-comunicacio-i-llenguatge","tag-descoberta-dun-mateix","tag-descoberta-de-lentorn","tag-sortides","tag-teatre"],"post_mailing_queue_ids":[],"_links":{"self":[{"href":"https:\/\/agora.xtec.cat\/ceipvistaalegre\/wp-json\/wp\/v2\/posts\/11520","targetHints":{"allow":["GET"]}}],"collection":[{"href":"https:\/\/agora.xtec.cat\/ceipvistaalegre\/wp-json\/wp\/v2\/posts"}],"about":[{"href":"https:\/\/agora.xtec.cat\/ceipvistaalegre\/wp-json\/wp\/v2\/types\/post"}],"author":[{"embeddable":true,"href":"https:\/\/agora.xtec.cat\/ceipvistaalegre\/wp-json\/wp\/v2\/users\/4"}],"replies":[{"embeddable":true,"href":"https:\/\/agora.xtec.cat\/ceipvistaalegre\/wp-json\/wp\/v2\/comments?post=11520"}],"version-history":[{"count":2,"href":"https:\/\/agora.xtec.cat\/ceipvistaalegre\/wp-json\/wp\/v2\/posts\/11520\/revisions"}],"predecessor-version":[{"id":11523,"href":"https:\/\/agora.xtec.cat\/ceipvistaalegre\/wp-json\/wp\/v2\/posts\/11520\/revisions\/11523"}],"wp:attachment":[{"href":"https:\/\/agora.xtec.cat\/ceipvistaalegre\/wp-json\/wp\/v2\/media?parent=11520"}],"wp:term":[{"taxonomy":"category","embeddable":true,"href":"https:\/\/agora.xtec.cat\/ceipvistaalegre\/wp-json\/wp\/v2\/categories?post=11520"},{"taxonomy":"post_tag","embeddable":true,"href":"https:\/\/agora.xtec.cat\/ceipvistaalegre\/wp-json\/wp\/v2\/tags?post=11520"}],"curies":[{"name":"wp","href":"https:\/\/api.w.org\/{rel}","templated":true}]}}