{"id":11507,"date":"2025-05-23T23:52:24","date_gmt":"2025-05-23T21:52:24","guid":{"rendered":"https:\/\/agora.xtec.cat\/ceipvistaalegre\/?p=11507"},"modified":"2025-06-30T12:27:55","modified_gmt":"2025-06-30T10:27:55","slug":"projecte-cueme","status":"publish","type":"post","link":"https:\/\/agora.xtec.cat\/ceipvistaalegre\/primaria\/5e\/projecte-cueme\/","title":{"rendered":"Projecte Cueme"},"content":{"rendered":"<p>Avui s&#8217;ha celebrat la Fira del Cueme a la pla\u00e7a Santa Anna de Matar\u00f3. Ha estat una gran oportunitat per als nens i nenes gaudint i venent els productes artesanals i creatius realitzats per ells.<\/p>\n<p>Durant l&#8217;esdeveniment, els visitants han pogut comprar productes d&#8217;oli, de lavanda i llibretes que han mostrat amb orgull la seva creativitat i esfor\u00e7 en la seva elaboraci\u00f3. La fira ha estat una mostra de la creativitat, el talent i la tradici\u00f3 de Matar\u00f3, i ha deixat un bon sabor de boca a tots els assistents.<\/p>\n<p><img loading=\"lazy\" decoding=\"async\" class=\"alignnone wp-image-11508\" src=\"https:\/\/agora.xtec.cat\/ceipvistaalegre\/wp-content\/uploads\/usu1936\/2025\/05\/WhatsApp-Image-2025-05-23-at-23.50.34-768x1024.jpeg\" alt=\"\" width=\"356\" height=\"475\" srcset=\"https:\/\/agora.xtec.cat\/ceipvistaalegre\/wp-content\/uploads\/usu1936\/2025\/05\/WhatsApp-Image-2025-05-23-at-23.50.34-768x1024.jpeg 768w, https:\/\/agora.xtec.cat\/ceipvistaalegre\/wp-content\/uploads\/usu1936\/2025\/05\/WhatsApp-Image-2025-05-23-at-23.50.34-225x300.jpeg 225w, https:\/\/agora.xtec.cat\/ceipvistaalegre\/wp-content\/uploads\/usu1936\/2025\/05\/WhatsApp-Image-2025-05-23-at-23.50.34-1152x1536.jpeg 1152w, https:\/\/agora.xtec.cat\/ceipvistaalegre\/wp-content\/uploads\/usu1936\/2025\/05\/WhatsApp-Image-2025-05-23-at-23.50.34.jpeg 1536w\" sizes=\"auto, (max-width: 356px) 100vw, 356px\" \/><\/p>\n<p>&nbsp;<\/p>\n","protected":false},"excerpt":{"rendered":"<p>Avui s&#8217;ha celebrat la Fira del Cueme a la pla\u00e7a Santa Anna de Matar\u00f3. Ha estat una gran oportunitat per als nens i nenes gaudint i venent els productes artesanals i creatius realitzats per ells.<br \/>\nDurant l&#8217;esdeveniment, els visitants han pogut comprar productes d&#8217;oli, de lavanda&hellip;  <a href=\"https:\/\/agora.xtec.cat\/ceipvistaalegre\/primaria\/5e\/projecte-cueme\/\" title=\"Read Projecte Cueme\">Llegeix m\u00e9s\u00bb<\/a><\/p>\n","protected":false},"author":18,"featured_media":0,"comment_status":"open","ping_status":"closed","sticky":false,"template":"","format":"standard","meta":{"_bbp_topic_count":0,"_bbp_reply_count":0,"_bbp_total_topic_count":0,"_bbp_total_reply_count":0,"_bbp_voice_count":0,"_bbp_anonymous_reply_count":0,"_bbp_topic_count_hidden":0,"_bbp_reply_count_hidden":0,"_bbp_forum_subforum_count":0,"footnotes":""},"categories":[14],"tags":[],"class_list":["post-11507","post","type-post","status-publish","format-standard","hentry","category-5e"],"post_mailing_queue_ids":[],"_links":{"self":[{"href":"https:\/\/agora.xtec.cat\/ceipvistaalegre\/wp-json\/wp\/v2\/posts\/11507","targetHints":{"allow":["GET"]}}],"collection":[{"href":"https:\/\/agora.xtec.cat\/ceipvistaalegre\/wp-json\/wp\/v2\/posts"}],"about":[{"href":"https:\/\/agora.xtec.cat\/ceipvistaalegre\/wp-json\/wp\/v2\/types\/post"}],"author":[{"embeddable":true,"href":"https:\/\/agora.xtec.cat\/ceipvistaalegre\/wp-json\/wp\/v2\/users\/18"}],"replies":[{"embeddable":true,"href":"https:\/\/agora.xtec.cat\/ceipvistaalegre\/wp-json\/wp\/v2\/comments?post=11507"}],"version-history":[{"count":1,"href":"https:\/\/agora.xtec.cat\/ceipvistaalegre\/wp-json\/wp\/v2\/posts\/11507\/revisions"}],"predecessor-version":[{"id":11509,"href":"https:\/\/agora.xtec.cat\/ceipvistaalegre\/wp-json\/wp\/v2\/posts\/11507\/revisions\/11509"}],"wp:attachment":[{"href":"https:\/\/agora.xtec.cat\/ceipvistaalegre\/wp-json\/wp\/v2\/media?parent=11507"}],"wp:term":[{"taxonomy":"category","embeddable":true,"href":"https:\/\/agora.xtec.cat\/ceipvistaalegre\/wp-json\/wp\/v2\/categories?post=11507"},{"taxonomy":"post_tag","embeddable":true,"href":"https:\/\/agora.xtec.cat\/ceipvistaalegre\/wp-json\/wp\/v2\/tags?post=11507"}],"curies":[{"name":"wp","href":"https:\/\/api.w.org\/{rel}","templated":true}]}}