{"id":11488,"date":"2025-05-19T20:51:31","date_gmt":"2025-05-19T18:51:31","guid":{"rendered":"https:\/\/agora.xtec.cat\/ceipvistaalegre\/?p=11488"},"modified":"2025-06-30T12:30:32","modified_gmt":"2025-06-30T10:30:32","slug":"racons-daprenentatge","status":"publish","type":"post","link":"https:\/\/agora.xtec.cat\/ceipvistaalegre\/infantil\/infantil-4-anys\/racons-daprenentatge\/","title":{"rendered":"Racons d&#8217;aprenentatge."},"content":{"rendered":"<p><a href=\"https:\/\/agora.xtec.cat\/ceipvistaalegre\/general\/racons-daprenentatge\/attachment\/photo-output-15-1-2\/\" rel=\"attachment wp-att-11489\"><img loading=\"lazy\" decoding=\"async\" class=\"aligncenter size-full wp-image-11489\" src=\"https:\/\/agora.xtec.cat\/ceipvistaalegre\/wp-content\/uploads\/usu1936\/2025\/05\/photo-output-15-1-scaled.jpg\" alt=\"\" width=\"2560\" height=\"2560\" srcset=\"https:\/\/agora.xtec.cat\/ceipvistaalegre\/wp-content\/uploads\/usu1936\/2025\/05\/photo-output-15-1-scaled.jpg 2560w, https:\/\/agora.xtec.cat\/ceipvistaalegre\/wp-content\/uploads\/usu1936\/2025\/05\/photo-output-15-1-300x300.jpg 300w, https:\/\/agora.xtec.cat\/ceipvistaalegre\/wp-content\/uploads\/usu1936\/2025\/05\/photo-output-15-1-1024x1024.jpg 1024w, https:\/\/agora.xtec.cat\/ceipvistaalegre\/wp-content\/uploads\/usu1936\/2025\/05\/photo-output-15-1-150x150.jpg 150w, https:\/\/agora.xtec.cat\/ceipvistaalegre\/wp-content\/uploads\/usu1936\/2025\/05\/photo-output-15-1-768x768.jpg 768w, https:\/\/agora.xtec.cat\/ceipvistaalegre\/wp-content\/uploads\/usu1936\/2025\/05\/photo-output-15-1-1536x1536.jpg 1536w, https:\/\/agora.xtec.cat\/ceipvistaalegre\/wp-content\/uploads\/usu1936\/2025\/05\/photo-output-15-1-2048x2048.jpg 2048w\" sizes=\"auto, (max-width: 2560px) 100vw, 2560px\" \/><\/a><\/p>\n<p>Al llarg d&#8217;aquestes darreres setmanes hem realitzat diferents racons d&#8217;aprenentatge. Cada cop anem guanyant m\u00e9s autonomia i aprenem a aprendre segons el nostre ritme.<\/p>\n<ul style=\"list-style-type: square;\">\n<li><em>Rac\u00f3 de consci\u00e8ncia fonol\u00f2gica:\u00a0<\/em>identificar els fonemes en paraules curtes i a associar el so a la grafia. Comptar les s\u00edl\u00b7labes de paraules curtes i llargues.<\/li>\n<li><em>Rac\u00f3 de topografia:\u00a0<\/em>situar objectes en un espai delimitat i saber les relacions de posici\u00f3 que tenen entre ells.<\/li>\n<li><em>Rac\u00f3 de construcci\u00f3<\/em>: elaborar flors amb els policubs en 2D i 3D seguint un patr\u00f3 i lliure.<\/li>\n<li><em>Rac\u00f3 de numeraci\u00f3<\/em>: ordenar la recta num\u00e8rica de petit a gran, ascendent, i de gran a petit, descendent. Fer col\u00b7leccions segons el nombre indicat. Trobar els n\u00fameros perduts de la recta.<\/li>\n<li><em>Rac\u00f3 de l\u00f2gica<\/em>: interpretar el quadre de doble entrada i trobar els elements correctes. Fer sudokus de diferents graus de dificultat. Fer col\u00b7leccions tenint en compte les etiquetes positives i negatives.<\/li>\n<li><em>Rac\u00f3 del mini m\u00f3n dels insectes i les flors<\/em>: rac\u00f3 creatiu amb peces soltes on imaginar petits espais pels animalons i les plantes.<\/li>\n<\/ul>\n<p>&nbsp;<\/p>\n","protected":false},"excerpt":{"rendered":"<p><a href=\"https:\/\/agora.xtec.cat\/ceipvistaalegre\/general\/racons-daprenentatge\/attachment\/photo-output-15-1-2\/\" rel=\"attachment wp-att-11489\"><\/a><br \/>\nAl llarg d&#8217;aquestes darreres setmanes hem realitzat diferents racons d&#8217;aprenentatge. Cada cop anem guanyant m\u00e9s autonomia i aprenem a aprendre segons el nostre ritme.<\/p>\n<ul style=\"list-style-type: square;\">\n<li>Rac\u00f3 de consci\u00e8ncia fonol\u00f2gica:\u00a0identificar els fonemes en paraules curtes i a associar el so a la grafia.&hellip;  <a href=\"https:\/\/agora.xtec.cat\/ceipvistaalegre\/infantil\/infantil-4-anys\/racons-daprenentatge\/\" title=\"Read Racons d&#8217;aprenentatge.\">Llegeix m\u00e9s\u00bb<\/a><br \/>\n","protected":false},"author":4,"featured_media":0,"comment_status":"open","ping_status":"closed","sticky":false,"template":"","format":"standard","meta":{"_bbp_topic_count":0,"_bbp_reply_count":0,"_bbp_total_topic_count":0,"_bbp_total_reply_count":0,"_bbp_voice_count":0,"_bbp_anonymous_reply_count":0,"_bbp_topic_count_hidden":0,"_bbp_reply_count_hidden":0,"_bbp_forum_subforum_count":0,"footnotes":""},"categories":[8],"tags":[300,234,262,318,358],"class_list":["post-11488","post","type-post","status-publish","format-standard","hentry","category-infantil-4-anys","tag-comunicacio-i-llenguatge","tag-consciencia-fonologica","tag-creatiu","tag-descoberta-de-lentorn","tag-racons-daprenentatge"],"post_mailing_queue_ids":[],"_links":{"self":[{"href":"https:\/\/agora.xtec.cat\/ceipvistaalegre\/wp-json\/wp\/v2\/posts\/11488","targetHints":{"allow":["GET"]}}],"collection":[{"href":"https:\/\/agora.xtec.cat\/ceipvistaalegre\/wp-json\/wp\/v2\/posts"}],"about":[{"href":"https:\/\/agora.xtec.cat\/ceipvistaalegre\/wp-json\/wp\/v2\/types\/post"}],"author":[{"embeddable":true,"href":"https:\/\/agora.xtec.cat\/ceipvistaalegre\/wp-json\/wp\/v2\/users\/4"}],"replies":[{"embeddable":true,"href":"https:\/\/agora.xtec.cat\/ceipvistaalegre\/wp-json\/wp\/v2\/comments?post=11488"}],"version-history":[{"count":3,"href":"https:\/\/agora.xtec.cat\/ceipvistaalegre\/wp-json\/wp\/v2\/posts\/11488\/revisions"}],"predecessor-version":[{"id":11492,"href":"https:\/\/agora.xtec.cat\/ceipvistaalegre\/wp-json\/wp\/v2\/posts\/11488\/revisions\/11492"}],"wp:attachment":[{"href":"https:\/\/agora.xtec.cat\/ceipvistaalegre\/wp-json\/wp\/v2\/media?parent=11488"}],"wp:term":[{"taxonomy":"category","embeddable":true,"href":"https:\/\/agora.xtec.cat\/ceipvistaalegre\/wp-json\/wp\/v2\/categories?post=11488"},{"taxonomy":"post_tag","embeddable":true,"href":"https:\/\/agora.xtec.cat\/ceipvistaalegre\/wp-json\/wp\/v2\/tags?post=11488"}],"curies":[{"name":"wp","href":"https:\/\/api.w.org\/{rel}","templated":true}]}}