{"id":11483,"date":"2025-05-15T17:38:20","date_gmt":"2025-05-15T15:38:20","guid":{"rendered":"https:\/\/agora.xtec.cat\/ceipvistaalegre\/?p=11483"},"modified":"2025-06-30T12:30:53","modified_gmt":"2025-06-30T10:30:53","slug":"jornada-tot-es-possible","status":"publish","type":"post","link":"https:\/\/agora.xtec.cat\/ceipvistaalegre\/primaria\/la-classe-dels-pirates\/jornada-tot-es-possible\/","title":{"rendered":"Jornada &#8220;Tot \u00e9s possible&#8221;"},"content":{"rendered":"<p>Els nens i les nenes de 3r hem participat a la \u00a0jornada\u00a0<i><span class=\"il\">Tot<\/span>\u00a0<span class=\"il\">\u00e9s<\/span>\u00a0<span class=\"il\">Possible<\/span><\/i>, una experi\u00e8ncia dedicada a sensibilitzar als infants sobre la diversitat funcional.\u00a0Hem fet diferents tallers en els quals han pogut familiaritzar-se amb material adaptat per a persones amb diferents discapacitats, participar en jocs amb una cadira de rodes, con\u00e8ixer el llenguatge de signes&#8230;<\/p>\n<p><span style=\"font-family: inherit; font-size: 1em;\">Tots aquests tallers han estat organitzats per diferents entitats que formen part de la Taula d&#8217;accessibilitat de Matar\u00f3, com el Centre de Persones Sordes de Matar\u00f3, la Fundaci\u00f3 Maresme, ECOM, la ONCE, EAP&#8230; <\/span>Hem passat el mat\u00ed al parc central de Matar\u00f3, gaudint d&#8217;una estona diferent i aprofitant-lo com una oportunitat per treballar valors fonamentals com l&#8217;empatia, el respecte i la conviv\u00e8ncia.<\/p>\n<p>Quina bona experi\u00e8ncia i quantes coses hem apr\u00e8s!<\/p>\n<p><a href=\"https:\/\/agora.xtec.cat\/ceipvistaalegre\/wp-content\/uploads\/usu1936\/2025\/05\/IMG_5535-scaled.jpg\"><img loading=\"lazy\" decoding=\"async\" class=\"aligncenter wp-image-11484 size-large\" src=\"https:\/\/agora.xtec.cat\/ceipvistaalegre\/wp-content\/uploads\/usu1936\/2025\/05\/IMG_5535-768x1024.jpg\" alt=\"\" width=\"768\" height=\"1024\" srcset=\"https:\/\/agora.xtec.cat\/ceipvistaalegre\/wp-content\/uploads\/usu1936\/2025\/05\/IMG_5535-768x1024.jpg 768w, https:\/\/agora.xtec.cat\/ceipvistaalegre\/wp-content\/uploads\/usu1936\/2025\/05\/IMG_5535-225x300.jpg 225w, https:\/\/agora.xtec.cat\/ceipvistaalegre\/wp-content\/uploads\/usu1936\/2025\/05\/IMG_5535-1152x1536.jpg 1152w, https:\/\/agora.xtec.cat\/ceipvistaalegre\/wp-content\/uploads\/usu1936\/2025\/05\/IMG_5535-1536x2048.jpg 1536w, https:\/\/agora.xtec.cat\/ceipvistaalegre\/wp-content\/uploads\/usu1936\/2025\/05\/IMG_5535-scaled.jpg 1920w\" sizes=\"auto, (max-width: 768px) 100vw, 768px\" \/><\/a><\/p>\n","protected":false},"excerpt":{"rendered":"<p>Els nens i les nenes de 3r hem participat a la \u00a0jornada\u00a0Tot\u00a0\u00e9s\u00a0Possible, una experi\u00e8ncia dedicada a sensibilitzar als infants sobre la diversitat funcional.\u00a0Hem fet diferents tallers en els quals han pogut familiaritzar-se amb material adaptat per a persones amb diferents discapacitats, participar en jocs amb&hellip;  <a href=\"https:\/\/agora.xtec.cat\/ceipvistaalegre\/primaria\/la-classe-dels-pirates\/jornada-tot-es-possible\/\" title=\"Read Jornada &#8220;Tot \u00e9s possible&#8221;\">Llegeix m\u00e9s\u00bb<\/a><\/p>\n","protected":false},"author":22,"featured_media":0,"comment_status":"open","ping_status":"closed","sticky":false,"template":"","format":"standard","meta":{"_bbp_topic_count":0,"_bbp_reply_count":0,"_bbp_total_topic_count":0,"_bbp_total_reply_count":0,"_bbp_voice_count":0,"_bbp_anonymous_reply_count":0,"_bbp_topic_count_hidden":0,"_bbp_reply_count_hidden":0,"_bbp_forum_subforum_count":0,"footnotes":""},"categories":[12],"tags":[],"class_list":["post-11483","post","type-post","status-publish","format-standard","hentry","category-la-classe-dels-pirates"],"post_mailing_queue_ids":[],"_links":{"self":[{"href":"https:\/\/agora.xtec.cat\/ceipvistaalegre\/wp-json\/wp\/v2\/posts\/11483","targetHints":{"allow":["GET"]}}],"collection":[{"href":"https:\/\/agora.xtec.cat\/ceipvistaalegre\/wp-json\/wp\/v2\/posts"}],"about":[{"href":"https:\/\/agora.xtec.cat\/ceipvistaalegre\/wp-json\/wp\/v2\/types\/post"}],"author":[{"embeddable":true,"href":"https:\/\/agora.xtec.cat\/ceipvistaalegre\/wp-json\/wp\/v2\/users\/22"}],"replies":[{"embeddable":true,"href":"https:\/\/agora.xtec.cat\/ceipvistaalegre\/wp-json\/wp\/v2\/comments?post=11483"}],"version-history":[{"count":3,"href":"https:\/\/agora.xtec.cat\/ceipvistaalegre\/wp-json\/wp\/v2\/posts\/11483\/revisions"}],"predecessor-version":[{"id":11487,"href":"https:\/\/agora.xtec.cat\/ceipvistaalegre\/wp-json\/wp\/v2\/posts\/11483\/revisions\/11487"}],"wp:attachment":[{"href":"https:\/\/agora.xtec.cat\/ceipvistaalegre\/wp-json\/wp\/v2\/media?parent=11483"}],"wp:term":[{"taxonomy":"category","embeddable":true,"href":"https:\/\/agora.xtec.cat\/ceipvistaalegre\/wp-json\/wp\/v2\/categories?post=11483"},{"taxonomy":"post_tag","embeddable":true,"href":"https:\/\/agora.xtec.cat\/ceipvistaalegre\/wp-json\/wp\/v2\/tags?post=11483"}],"curies":[{"name":"wp","href":"https:\/\/api.w.org\/{rel}","templated":true}]}}